{"id":1124,"date":"2005-10-26T23:18:01","date_gmt":"2005-10-26T20:18:01","guid":{"rendered":"http:\/\/finnairinsukeltajat.fi\/?p=1124"},"modified":"2020-11-03T16:01:05","modified_gmt":"2020-11-03T14:01:05","slug":"syysleiri-2005","status":"publish","type":"post","link":"http:\/\/finnairinsukeltajat.fi\/?p=1124","title":{"rendered":"Syysleiri 2005"},"content":{"rendered":"<p>Monen niin odottama syysleirin p\u00e4\u00e4ll\u00e4 oli hieman synkki\u00e4 pilvi\u00e4.<br \/>\nKumpparin moottori varastettiin. Saimme kumminkin veneen valmiiksi juuri ennen leiri\u00e4, muutama tunti ennen.<br \/>\nDania vene kaipasi kastia ajoon perjantaiksi, jotta leiri voisi alkaa kunnolla lauantaina. T\u00e4m\u00e4kin varmistui pari p\u00e4iv\u00e4\u00e4 ennen. Majoitustilanne helpottui vasta lauantain,&nbsp; kun saimme y\u00f6ksi Johannan m\u00f6kin vuokralle.<br \/>\nMeille tuli my\u00f6s Virosta vieraita. Kes\u00e4leirilt\u00e4 tutut Toomas ja Raimo oli kutsuttu ja p\u00e4\u00e4siv\u00e4t tulemaan. Heille tarjottiin my\u00f6s matkaa veneell\u00e4 Tammariin. N\u00e4in kasti ongelmakin hoitui. Oli siell\u00e4 mukana Markokin.<br \/>\nKumpparikin oli p\u00e4\u00e4tetty ajaa Tammariin, jotta sis\u00e4\u00e4najo saataisiin mahdollisin nopeasti tehty\u00e4. Veneh\u00e4n saatiin perjantai iltap\u00e4iv\u00e4ll\u00e4 veteen ja oli jo kiire. Jyk\u00e4 ja KP saapuivatkin sill\u00e4 vasta pime\u00e4n tultua Prediumiin. Joku ehti jo hieman huolestua poikien puolesta.<\/p>\n<p>Lauantaina lastauksen j\u00e4lkeen nokka olikin Eiraa kohden. Porukkaa tuli my\u00f6s lis\u00e4\u00e4 ja vene oli t\u00e4ynn\u00e4. N\u00e4kyvyys Eiralla oli kohtalainen. Viron pojat tuntuivat pit\u00e4v\u00e4n t\u00e4st\u00e4 isosta ja kohtalaisen ehj\u00e4st\u00e4 hylyst\u00e4.<\/p>\n<p>Sunnuntaina oli Eggon vuoro. Kiinnittyminen ei mennyt ihan putkeen, sill\u00e4 saimme k\u00f6yden potkuriin. Onneksi vain poiju hajosi. Vaihdoimme sen ja homma jatkui. T\u00e4\u00e4lt\u00e4 k\u00e4vimme v\u00e4lill\u00e4 rannassa, koska niin monen oli l\u00e4hdett\u00e4v\u00e4 pois ekan dyykin j\u00e4lkeen. N\u00e4in l\u00e4htiv\u00e4t my\u00f6s vieraamme etel\u00e4st\u00e4.<\/p>\n<p>Maanantaina j\u00e4lleen Eggolle. Muutama k\u00e4vi kumpparilla Ko\u00f6ss\u00e4 katsomassa seuraavaksi p\u00e4iv\u00e4ksi kylkikiinnityspaikkaa.<\/p>\n<p>Tiistaina sitten ensimm\u00e4inen dyykki tehtiin Ko\u00f6n rannassa. Samalla p\u00e4\u00e4stiin tutustumaan sodan aikana linnoitettuun saareen. Saaren jollakin rannalla on mahdollisesti junan veturi. Niinp\u00e4 k\u00e4vimme kumpparilla kiert\u00e4m\u00e4ss\u00e4 koko saaren ja kartoitimme mahdollisia paikkoja. Kysyimme my\u00f6s yhdelt\u00e4 miehelt\u00e4, joka ajoi veneell\u00e4 pienemp\u00e4\u00e4n saareen, josko olisi tietoo. Mutta ei tuntunut tiet\u00e4v\u00e4n, vaikka pihalla oli sodan aikaista tavaraa. Siell\u00e4 oli pari pienemp\u00e4\u00e4 tykki\u00e4 ja kaikenlaisia poijuja (sukellusveneverkon?). Toinen dyykki tehtiin Pirtulla.<br \/>\nIllalla oli ohjelmassa rapujuhlat. Porukkaa saapuikin normaalia enemm\u00e4n joista osa vain illaksi. Oli nimitt\u00e4in p\u00e4\u00e4tetty muistaa Jaanaa. H\u00e4n kun t\u00e4ytti py\u00f6reit\u00e4 Elokuussa (24v). H\u00e4n oli my\u00f6s p\u00e4\u00e4tt\u00e4nyt tarjota yll\u00e4tyskakkukahvit. Eli j\u00e4rjestimme h\u00e4nelle yll\u00e4tysjuhlat jotka h\u00e4n sitten itse j\u00e4rjesti. K\u00e4tev\u00e4\u00e4 eik\u00f6 totta?<\/p>\n<p>Keskiviikko. Nyt tuuli oli yltynyt 17m:n, mutta onneksi rapukekkereiden j\u00e4lkeen on aina lepop\u00e4iv\u00e4. Pari aamulla tullutta k\u00e4ytettiin kumpparilla Pirtulla ja sitten Hankoon pelaamaan bilist\u00e4. Illalla osa k\u00e4vi viel\u00e4 laulamassa karaokea paikallisessa.<\/p>\n<p>Torstaikin oli tuuli p\u00e4iv\u00e4 ja menimme Pirtulle. Keli oli kyll\u00e4 muuten hieno. Poistuessamme osuimme kiveen\/kallioon jota ei kyll\u00e4 merikortista l\u00f6ytynyt. T\u00e4ytyy joskus k\u00e4yd\u00e4 tutkimassa.<\/p>\n<p>Perjantaina tuuli j\u00e4lleen ja menimme suosiolla Siipirattaalle. Sielt\u00e4 kyll\u00e4 k\u00e4ytiin kumpparilla Eggolla, jossa oli hyv\u00e4 n\u00e4kyvyys. Oli ilo n\u00e4hd\u00e4 kuinka helposti kumppari nousi plaaniin raskaammalla lastillakin. N\u00e4kyvyys oli&nbsp; mainio Siivell\u00e4kin. Muutenkin oli kiva paistatella p\u00e4iv\u00e4\u00e4 suojassa. Illalla tuli viel\u00e4 nelj\u00e4 sukeltajaa, jotka vietiin kumpparilla Eggolle, sill\u00e4 keli oli parantunut huomattavasti.<\/p>\n<p>Lauantaina ei en\u00e4\u00e4 tuullut, mutta oli kylmemp\u00e4\u00e4. My\u00f6s vesi oli kylm\u00e4\u00e4. P\u00e4\u00e4timme lopettaa Eggolla, vaikka Eirallekin olisimme p\u00e4\u00e4sseet. Illalla meill\u00e4 olikin leikkimielisi\u00e4 kilpailuja ja hyv\u00e4\u00e4 yhdess\u00e4 oloa.&nbsp; Lauloimme my\u00f6s Jyk\u00e4n kitaran s\u00e4estyksell\u00e4. T\u00e4t\u00e4 olimmekin harrastaneet koko viikon. Osalla oli my\u00f6s ilmakitarat mukana, joita sitten soittivat my\u00f6s koko illan.<\/p>\n<p>Sunnuntaina sitten ker\u00e4ttiin kamat kasaan. Dania l\u00e4hti aamup\u00e4iv\u00e4ll\u00e4 ja loput porukasta iltap\u00e4iv\u00e4ll\u00e4. Leiri oli purettu ja kaikki matkalla kotiin.<\/p>\n<p>Leiri ei olisi onnistunut ilman sit\u00e4 yhteisty\u00f6t\u00e4 jota jouduttiin t\u00e4ll\u00e4 kertaa tekem\u00e4\u00e4n jo ennen leiri. Ja leirill\u00e4 hommat sitten luistikin muutamaa kommellusta lukuun ottamatta hienosti. Porukkaa k\u00e4vi paikalla noin kolmekymment\u00e4 henke\u00e4, joka on aika mukavasti. Kalusto toimi hienosti. Uusi&nbsp; kumppari todettiin mahtavaksi peliksi. Iso kompura oli j\u00e4lleen lainassa Merisukeltajilta, siit\u00e4 kiitos heille.<br \/>\nRuokahuollon hoiti j\u00e4lleen Johanna Navigaattorissa. Ruoka oli aina meit\u00e4 odottamassa ja sit\u00e4 oli niin paljon kun jaksoimme sy\u00f6d\u00e4. Tai sit\u00e4 oli niin paljon, ettei se milloinkaan loppunut kesken.<br \/>\nSaimme my\u00f6s Rannikon Aamu lehdelt\u00e4 Hangosta kasan lehti\u00e4, joissa on artikkeleita Hangon l\u00e4hell\u00e4 uponneista hylyist\u00e4. N\u00e4m\u00e4 tulevat sukelluskansioon kopioina.<\/p>\n<p>Hauskaa syksyn jatkoa<\/p>\n\n\t\t<style type=\"text\/css\">\n\t\t\t#gallery-1 {\n\t\t\t\tmargin: auto;\n\t\t\t}\n\t\t\t#gallery-1 .gallery-item {\n\t\t\t\tfloat: left;\n\t\t\t\tmargin-top: 10px;\n\t\t\t\ttext-align: center;\n\t\t\t\twidth: 33%;\n\t\t\t}\n\t\t\t#gallery-1 img {\n\t\t\t\tborder: 2px solid #cfcfcf;\n\t\t\t}\n\t\t\t#gallery-1 .gallery-caption {\n\t\t\t\tmargin-left: 0;\n\t\t\t}\n\t\t\t\/* see gallery_shortcode() in wp-includes\/media.php *\/\n\t\t<\/style>\n\t\t<div id='gallery-1' class='gallery galleryid-1124 gallery-columns-3 gallery-size-thumbnail'><dl class='gallery-item'>\n\t\t\t<dt class='gallery-icon landscape'>\n\t\t\t\t<a href='http:\/\/finnairinsukeltajat.fi\/?attachment_id=1132'><img loading=\"lazy\" decoding=\"async\" width=\"150\" height=\"150\" src=\"https:\/\/i0.wp.com\/finnairinsukeltajat.fi\/wp-content\/uploads\/2016\/04\/explorer-db550.jpg?resize=150%2C150\" class=\"attachment-thumbnail size-thumbnail\" alt=\"\" aria-describedby=\"gallery-1-1132\" srcset=\"https:\/\/i0.wp.com\/finnairinsukeltajat.fi\/wp-content\/uploads\/2016\/04\/explorer-db550.jpg?resize=150%2C150 150w, https:\/\/i0.wp.com\/finnairinsukeltajat.fi\/wp-content\/uploads\/2016\/04\/explorer-db550.jpg?resize=88%2C88 88w\" sizes=\"auto, (max-width: 150px) 100vw, 150px\" \/><\/a>\n\t\t\t<\/dt>\n\t\t\t\t<dd class='wp-caption-text gallery-caption' id='gallery-1-1132'>\n\t\t\t\tBarbara viel\u00e4 kerran. Toimii hienosti ja voimaa riitt\u00e4\u00e4. Janne\n\t\t\t\t<\/dd><\/dl><dl class='gallery-item'>\n\t\t\t<dt class='gallery-icon landscape'>\n\t\t\t\t<a href='http:\/\/finnairinsukeltajat.fi\/?attachment_id=1153'><img loading=\"lazy\" decoding=\"async\" width=\"150\" height=\"150\" src=\"https:\/\/i0.wp.com\/finnairinsukeltajat.fi\/wp-content\/uploads\/2016\/04\/mikkojyka.jpg?resize=150%2C150\" class=\"attachment-thumbnail size-thumbnail\" alt=\"\" aria-describedby=\"gallery-1-1153\" srcset=\"https:\/\/i0.wp.com\/finnairinsukeltajat.fi\/wp-content\/uploads\/2016\/04\/mikkojyka.jpg?resize=150%2C150 150w, https:\/\/i0.wp.com\/finnairinsukeltajat.fi\/wp-content\/uploads\/2016\/04\/mikkojyka.jpg?resize=88%2C88 88w, https:\/\/i0.wp.com\/finnairinsukeltajat.fi\/wp-content\/uploads\/2016\/04\/mikkojyka.jpg?zoom=2&amp;resize=150%2C150 300w\" sizes=\"auto, (max-width: 150px) 100vw, 150px\" \/><\/a>\n\t\t\t<\/dt>\n\t\t\t\t<dd class='wp-caption-text gallery-caption' id='gallery-1-1153'>\n\t\t\t\tPullot voi t\u00e4ytt\u00e4\u00e4 n\u00e4inkin. Mikko ja Jyk\u00e4\n\t\t\t\t<\/dd><\/dl><dl class='gallery-item'>\n\t\t\t<dt class='gallery-icon landscape'>\n\t\t\t\t<a href='http:\/\/finnairinsukeltajat.fi\/?attachment_id=1142'><img loading=\"lazy\" decoding=\"async\" width=\"150\" height=\"150\" src=\"https:\/\/i0.wp.com\/finnairinsukeltajat.fi\/wp-content\/uploads\/2016\/04\/kalustokylkikiin2.jpg?resize=150%2C150\" class=\"attachment-thumbnail size-thumbnail\" alt=\"\" aria-describedby=\"gallery-1-1142\" srcset=\"https:\/\/i0.wp.com\/finnairinsukeltajat.fi\/wp-content\/uploads\/2016\/04\/kalustokylkikiin2.jpg?resize=150%2C150 150w, https:\/\/i0.wp.com\/finnairinsukeltajat.fi\/wp-content\/uploads\/2016\/04\/kalustokylkikiin2.jpg?resize=88%2C88 88w, https:\/\/i0.wp.com\/finnairinsukeltajat.fi\/wp-content\/uploads\/2016\/04\/kalustokylkikiin2.jpg?zoom=2&amp;resize=150%2C150 300w\" sizes=\"auto, (max-width: 150px) 100vw, 150px\" \/><\/a>\n\t\t\t<\/dt>\n\t\t\t\t<dd class='wp-caption-text gallery-caption' id='gallery-1-1142'>\n\t\t\t\tOlimme t\u00e4n\u00e4 vuonna useaan kertaan kylki- kiinityksess\u00e4. Kelien ollessa hieman tuulisia. Ko\u00f6\n\t\t\t\t<\/dd><\/dl><br style=\"clear: both\" \/><dl class='gallery-item'>\n\t\t\t<dt class='gallery-icon landscape'>\n\t\t\t\t<a href='http:\/\/finnairinsukeltajat.fi\/?attachment_id=1143'><img loading=\"lazy\" decoding=\"async\" width=\"150\" height=\"150\" src=\"https:\/\/i0.wp.com\/finnairinsukeltajat.fi\/wp-content\/uploads\/2016\/04\/kamaa.jpg?resize=150%2C150\" class=\"attachment-thumbnail size-thumbnail\" alt=\"\" aria-describedby=\"gallery-1-1143\" srcset=\"https:\/\/i0.wp.com\/finnairinsukeltajat.fi\/wp-content\/uploads\/2016\/04\/kamaa.jpg?resize=150%2C150 150w, https:\/\/i0.wp.com\/finnairinsukeltajat.fi\/wp-content\/uploads\/2016\/04\/kamaa.jpg?resize=88%2C88 88w, https:\/\/i0.wp.com\/finnairinsukeltajat.fi\/wp-content\/uploads\/2016\/04\/kamaa.jpg?zoom=2&amp;resize=150%2C150 300w\" sizes=\"auto, (max-width: 150px) 100vw, 150px\" \/><\/a>\n\t\t\t<\/dt>\n\t\t\t\t<dd class='wp-caption-text gallery-caption' id='gallery-1-1143'>\n\t\t\t\tSukeltajilla riitt\u00e4\u00e4 kamaa. Siipiratas.\n\t\t\t\t<\/dd><\/dl><dl class='gallery-item'>\n\t\t\t<dt class='gallery-icon landscape'>\n\t\t\t\t<a href='http:\/\/finnairinsukeltajat.fi\/?attachment_id=1149'><img loading=\"lazy\" decoding=\"async\" width=\"150\" height=\"150\" src=\"https:\/\/i0.wp.com\/finnairinsukeltajat.fi\/wp-content\/uploads\/2016\/04\/marejuha.jpg?resize=150%2C150\" class=\"attachment-thumbnail size-thumbnail\" alt=\"\" aria-describedby=\"gallery-1-1149\" srcset=\"https:\/\/i0.wp.com\/finnairinsukeltajat.fi\/wp-content\/uploads\/2016\/04\/marejuha.jpg?resize=150%2C150 150w, https:\/\/i0.wp.com\/finnairinsukeltajat.fi\/wp-content\/uploads\/2016\/04\/marejuha.jpg?resize=88%2C88 88w\" sizes=\"auto, (max-width: 150px) 100vw, 150px\" \/><\/a>\n\t\t\t<\/dt>\n\t\t\t\t<dd class='wp-caption-text gallery-caption' id='gallery-1-1149'>\n\t\t\t\tMare ja Juha mietteiss\u00e4\u00e4n\n\t\t\t\t<\/dd><\/dl><dl class='gallery-item'>\n\t\t\t<dt class='gallery-icon landscape'>\n\t\t\t\t<a href='http:\/\/finnairinsukeltajat.fi\/?attachment_id=1146'><img loading=\"lazy\" decoding=\"async\" width=\"150\" height=\"150\" src=\"https:\/\/i0.wp.com\/finnairinsukeltajat.fi\/wp-content\/uploads\/2016\/04\/lepoa.jpg?resize=150%2C150\" class=\"attachment-thumbnail size-thumbnail\" alt=\"\" aria-describedby=\"gallery-1-1146\" srcset=\"https:\/\/i0.wp.com\/finnairinsukeltajat.fi\/wp-content\/uploads\/2016\/04\/lepoa.jpg?resize=150%2C150 150w, https:\/\/i0.wp.com\/finnairinsukeltajat.fi\/wp-content\/uploads\/2016\/04\/lepoa.jpg?resize=88%2C88 88w\" sizes=\"auto, (max-width: 150px) 100vw, 150px\" \/><\/a>\n\t\t\t<\/dt>\n\t\t\t\t<dd class='wp-caption-text gallery-caption' id='gallery-1-1146'>\n\t\t\t\tEla, Mari ja KP lepotauko\n\t\t\t\t<\/dd><\/dl><br style=\"clear: both\" \/><dl class='gallery-item'>\n\t\t\t<dt class='gallery-icon landscape'>\n\t\t\t\t<a href='http:\/\/finnairinsukeltajat.fi\/?attachment_id=1154'><img loading=\"lazy\" decoding=\"async\" width=\"150\" height=\"150\" src=\"https:\/\/i0.wp.com\/finnairinsukeltajat.fi\/wp-content\/uploads\/2016\/04\/ohimenevaalus.jpg?resize=150%2C150\" class=\"attachment-thumbnail size-thumbnail\" alt=\"\" aria-describedby=\"gallery-1-1154\" srcset=\"https:\/\/i0.wp.com\/finnairinsukeltajat.fi\/wp-content\/uploads\/2016\/04\/ohimenevaalus.jpg?resize=150%2C150 150w, https:\/\/i0.wp.com\/finnairinsukeltajat.fi\/wp-content\/uploads\/2016\/04\/ohimenevaalus.jpg?resize=88%2C88 88w, https:\/\/i0.wp.com\/finnairinsukeltajat.fi\/wp-content\/uploads\/2016\/04\/ohimenevaalus.jpg?zoom=2&amp;resize=150%2C150 300w\" sizes=\"auto, (max-width: 150px) 100vw, 150px\" \/><\/a>\n\t\t\t<\/dt>\n\t\t\t\t<dd class='wp-caption-text gallery-caption' id='gallery-1-1154'>\n\t\t\t\tT\u00e4m\u00e4 ohitti aika l\u00e4helt\u00e4 meid\u00e4t Eggolla\n\t\t\t\t<\/dd><\/dl><dl class='gallery-item'>\n\t\t\t<dt class='gallery-icon landscape'>\n\t\t\t\t<a href='http:\/\/finnairinsukeltajat.fi\/?attachment_id=1145'><img loading=\"lazy\" decoding=\"async\" width=\"150\" height=\"150\" src=\"https:\/\/i0.wp.com\/finnairinsukeltajat.fi\/wp-content\/uploads\/2016\/04\/lepo.jpg?resize=150%2C150\" class=\"attachment-thumbnail size-thumbnail\" alt=\"\" aria-describedby=\"gallery-1-1145\" srcset=\"https:\/\/i0.wp.com\/finnairinsukeltajat.fi\/wp-content\/uploads\/2016\/04\/lepo.jpg?resize=150%2C150 150w, https:\/\/i0.wp.com\/finnairinsukeltajat.fi\/wp-content\/uploads\/2016\/04\/lepo.jpg?resize=88%2C88 88w, https:\/\/i0.wp.com\/finnairinsukeltajat.fi\/wp-content\/uploads\/2016\/04\/lepo.jpg?zoom=2&amp;resize=150%2C150 300w\" sizes=\"auto, (max-width: 150px) 100vw, 150px\" \/><\/a>\n\t\t\t<\/dt>\n\t\t\t\t<dd class='wp-caption-text gallery-caption' id='gallery-1-1145'>\n\t\t\t\tAurinko paistaa Siipirattaalla. \n\t\t\t\t<\/dd><\/dl><dl class='gallery-item'>\n\t\t\t<dt class='gallery-icon landscape'>\n\t\t\t\t<a href='http:\/\/finnairinsukeltajat.fi\/?attachment_id=1161'><img loading=\"lazy\" decoding=\"async\" width=\"150\" height=\"150\" src=\"https:\/\/i0.wp.com\/finnairinsukeltajat.fi\/wp-content\/uploads\/2016\/04\/vesileikkii.jpg?resize=150%2C150\" class=\"attachment-thumbnail size-thumbnail\" alt=\"\" aria-describedby=\"gallery-1-1161\" srcset=\"https:\/\/i0.wp.com\/finnairinsukeltajat.fi\/wp-content\/uploads\/2016\/04\/vesileikkii.jpg?resize=150%2C150 150w, https:\/\/i0.wp.com\/finnairinsukeltajat.fi\/wp-content\/uploads\/2016\/04\/vesileikkii.jpg?resize=88%2C88 88w, https:\/\/i0.wp.com\/finnairinsukeltajat.fi\/wp-content\/uploads\/2016\/04\/vesileikkii.jpg?zoom=2&amp;resize=150%2C150 300w\" sizes=\"auto, (max-width: 150px) 100vw, 150px\" \/><\/a>\n\t\t\t<\/dt>\n\t\t\t\t<dd class='wp-caption-text gallery-caption' id='gallery-1-1161'>\n\t\t\t\tAurinko leikkii veneen kyljess\u00e4\n\t\t\t\t<\/dd><\/dl><br style=\"clear: both\" \/><dl class='gallery-item'>\n\t\t\t<dt class='gallery-icon landscape'>\n\t\t\t\t<a href='http:\/\/finnairinsukeltajat.fi\/?attachment_id=1152'><img loading=\"lazy\" decoding=\"async\" width=\"150\" height=\"150\" src=\"https:\/\/i0.wp.com\/finnairinsukeltajat.fi\/wp-content\/uploads\/2016\/04\/mikaKP.jpg?resize=150%2C150\" class=\"attachment-thumbnail size-thumbnail\" alt=\"\" aria-describedby=\"gallery-1-1152\" srcset=\"https:\/\/i0.wp.com\/finnairinsukeltajat.fi\/wp-content\/uploads\/2016\/04\/mikaKP.jpg?resize=150%2C150 150w, https:\/\/i0.wp.com\/finnairinsukeltajat.fi\/wp-content\/uploads\/2016\/04\/mikaKP.jpg?resize=88%2C88 88w\" sizes=\"auto, (max-width: 150px) 100vw, 150px\" \/><\/a>\n\t\t\t<\/dt>\n\t\t\t\t<dd class='wp-caption-text gallery-caption' id='gallery-1-1152'>\n\t\t\t\tMika ja Kp\n\t\t\t\t<\/dd><\/dl><dl class='gallery-item'>\n\t\t\t<dt class='gallery-icon landscape'>\n\t\t\t\t<a href='http:\/\/finnairinsukeltajat.fi\/?attachment_id=1157'><img loading=\"lazy\" decoding=\"async\" width=\"150\" height=\"150\" src=\"https:\/\/i0.wp.com\/finnairinsukeltajat.fi\/wp-content\/uploads\/2016\/04\/pollari.jpg?resize=150%2C150\" class=\"attachment-thumbnail size-thumbnail\" alt=\"\" aria-describedby=\"gallery-1-1157\" srcset=\"https:\/\/i0.wp.com\/finnairinsukeltajat.fi\/wp-content\/uploads\/2016\/04\/pollari.jpg?resize=150%2C150 150w, https:\/\/i0.wp.com\/finnairinsukeltajat.fi\/wp-content\/uploads\/2016\/04\/pollari.jpg?resize=88%2C88 88w, https:\/\/i0.wp.com\/finnairinsukeltajat.fi\/wp-content\/uploads\/2016\/04\/pollari.jpg?zoom=2&amp;resize=150%2C150 300w\" sizes=\"auto, (max-width: 150px) 100vw, 150px\" \/><\/a>\n\t\t\t<\/dt>\n\t\t\t\t<dd class='wp-caption-text gallery-caption' id='gallery-1-1157'>\n\t\t\t\tK\u00e4vimme k\u00e4velyll\u00e4 vanhassa ankkuripaikassa josta l\u00f6ytyy pii-kive\u00e4 ja t\u00e4m\u00e4 vanha pollari\n\t\t\t\t<\/dd><\/dl><dl class='gallery-item'>\n\t\t\t<dt class='gallery-icon landscape'>\n\t\t\t\t<a href='http:\/\/finnairinsukeltajat.fi\/?attachment_id=1156'><img loading=\"lazy\" decoding=\"async\" width=\"150\" height=\"150\" src=\"https:\/\/i0.wp.com\/finnairinsukeltajat.fi\/wp-content\/uploads\/2016\/04\/pintahylky.jpg?resize=150%2C150\" class=\"attachment-thumbnail size-thumbnail\" alt=\"\" aria-describedby=\"gallery-1-1156\" srcset=\"https:\/\/i0.wp.com\/finnairinsukeltajat.fi\/wp-content\/uploads\/2016\/04\/pintahylky.jpg?resize=150%2C150 150w, https:\/\/i0.wp.com\/finnairinsukeltajat.fi\/wp-content\/uploads\/2016\/04\/pintahylky.jpg?resize=88%2C88 88w\" sizes=\"auto, (max-width: 150px) 100vw, 150px\" \/><\/a>\n\t\t\t<\/dt>\n\t\t\t\t<dd class='wp-caption-text gallery-caption' id='gallery-1-1156'>\n\t\t\t\tK\u00e4velyll\u00e4 t\u00f6rm\u00e4simme my\u00f6s pintahylkyyn jossa oli&#8221;baari&#8221; Ela, Jyk\u00e4, Joke, Mare, KP ja Timo. Esa kameran takana\n\t\t\t\t<\/dd><\/dl><br style=\"clear: both\" \/><dl class='gallery-item'>\n\t\t\t<dt class='gallery-icon portrait'>\n\t\t\t\t<a href='http:\/\/finnairinsukeltajat.fi\/?attachment_id=1160'><img loading=\"lazy\" decoding=\"async\" width=\"150\" height=\"150\" src=\"https:\/\/i0.wp.com\/finnairinsukeltajat.fi\/wp-content\/uploads\/2016\/04\/tuula.jpg?resize=150%2C150\" class=\"attachment-thumbnail size-thumbnail\" alt=\"\" aria-describedby=\"gallery-1-1160\" srcset=\"https:\/\/i0.wp.com\/finnairinsukeltajat.fi\/wp-content\/uploads\/2016\/04\/tuula.jpg?resize=150%2C150 150w, https:\/\/i0.wp.com\/finnairinsukeltajat.fi\/wp-content\/uploads\/2016\/04\/tuula.jpg?resize=88%2C88 88w\" sizes=\"auto, (max-width: 150px) 100vw, 150px\" \/><\/a>\n\t\t\t<\/dt>\n\t\t\t\t<dd class='wp-caption-text gallery-caption' id='gallery-1-1160'>\n\t\t\t\tTuula\n\t\t\t\t<\/dd><\/dl><dl class='gallery-item'>\n\t\t\t<dt class='gallery-icon portrait'>\n\t\t\t\t<a href='http:\/\/finnairinsukeltajat.fi\/?attachment_id=1137'><img loading=\"lazy\" decoding=\"async\" width=\"150\" height=\"150\" src=\"https:\/\/i0.wp.com\/finnairinsukeltajat.fi\/wp-content\/uploads\/2016\/04\/johku.jpg?resize=150%2C150\" class=\"attachment-thumbnail size-thumbnail\" alt=\"\" aria-describedby=\"gallery-1-1137\" srcset=\"https:\/\/i0.wp.com\/finnairinsukeltajat.fi\/wp-content\/uploads\/2016\/04\/johku.jpg?resize=150%2C150 150w, https:\/\/i0.wp.com\/finnairinsukeltajat.fi\/wp-content\/uploads\/2016\/04\/johku.jpg?resize=88%2C88 88w\" sizes=\"auto, (max-width: 150px) 100vw, 150px\" \/><\/a>\n\t\t\t<\/dt>\n\t\t\t\t<dd class='wp-caption-text gallery-caption' id='gallery-1-1137'>\n\t\t\t\tJohku\n\t\t\t\t<\/dd><\/dl><dl class='gallery-item'>\n\t\t\t<dt class='gallery-icon portrait'>\n\t\t\t\t<a href='http:\/\/finnairinsukeltajat.fi\/?attachment_id=1134'><img loading=\"lazy\" decoding=\"async\" width=\"150\" height=\"150\" src=\"https:\/\/i0.wp.com\/finnairinsukeltajat.fi\/wp-content\/uploads\/2016\/04\/jaana.jpg?resize=150%2C150\" class=\"attachment-thumbnail size-thumbnail\" alt=\"\" aria-describedby=\"gallery-1-1134\" srcset=\"https:\/\/i0.wp.com\/finnairinsukeltajat.fi\/wp-content\/uploads\/2016\/04\/jaana.jpg?resize=150%2C150 150w, https:\/\/i0.wp.com\/finnairinsukeltajat.fi\/wp-content\/uploads\/2016\/04\/jaana.jpg?resize=88%2C88 88w\" sizes=\"auto, (max-width: 150px) 100vw, 150px\" \/><\/a>\n\t\t\t<\/dt>\n\t\t\t\t<dd class='wp-caption-text gallery-caption' id='gallery-1-1134'>\n\t\t\t\tJaana\n\t\t\t\t<\/dd><\/dl><br style=\"clear: both\" \/><dl class='gallery-item'>\n\t\t\t<dt class='gallery-icon portrait'>\n\t\t\t\t<a href='http:\/\/finnairinsukeltajat.fi\/?attachment_id=1131'><img loading=\"lazy\" decoding=\"async\" width=\"150\" height=\"150\" src=\"https:\/\/i0.wp.com\/finnairinsukeltajat.fi\/wp-content\/uploads\/2016\/04\/ela.jpg?resize=150%2C150\" class=\"attachment-thumbnail size-thumbnail\" alt=\"\" aria-describedby=\"gallery-1-1131\" srcset=\"https:\/\/i0.wp.com\/finnairinsukeltajat.fi\/wp-content\/uploads\/2016\/04\/ela.jpg?resize=150%2C150 150w, https:\/\/i0.wp.com\/finnairinsukeltajat.fi\/wp-content\/uploads\/2016\/04\/ela.jpg?resize=88%2C88 88w\" sizes=\"auto, (max-width: 150px) 100vw, 150px\" \/><\/a>\n\t\t\t<\/dt>\n\t\t\t\t<dd class='wp-caption-text gallery-caption' id='gallery-1-1131'>\n\t\t\t\tEla\n\t\t\t\t<\/dd><\/dl><dl class='gallery-item'>\n\t\t\t<dt class='gallery-icon portrait'>\n\t\t\t\t<a href='http:\/\/finnairinsukeltajat.fi\/?attachment_id=1155'><img loading=\"lazy\" decoding=\"async\" width=\"150\" height=\"150\" src=\"https:\/\/i0.wp.com\/finnairinsukeltajat.fi\/wp-content\/uploads\/2016\/04\/paivi.jpg?resize=150%2C150\" class=\"attachment-thumbnail size-thumbnail\" alt=\"\" aria-describedby=\"gallery-1-1155\" srcset=\"https:\/\/i0.wp.com\/finnairinsukeltajat.fi\/wp-content\/uploads\/2016\/04\/paivi.jpg?resize=150%2C150 150w, https:\/\/i0.wp.com\/finnairinsukeltajat.fi\/wp-content\/uploads\/2016\/04\/paivi.jpg?resize=88%2C88 88w\" sizes=\"auto, (max-width: 150px) 100vw, 150px\" \/><\/a>\n\t\t\t<\/dt>\n\t\t\t\t<dd class='wp-caption-text gallery-caption' id='gallery-1-1155'>\n\t\t\t\tP\u00e4ivi\n\t\t\t\t<\/dd><\/dl><dl class='gallery-item'>\n\t\t\t<dt class='gallery-icon portrait'>\n\t\t\t\t<a href='http:\/\/finnairinsukeltajat.fi\/?attachment_id=1147'><img loading=\"lazy\" decoding=\"async\" width=\"150\" height=\"150\" src=\"https:\/\/i0.wp.com\/finnairinsukeltajat.fi\/wp-content\/uploads\/2016\/04\/make.jpg?resize=150%2C150\" class=\"attachment-thumbnail size-thumbnail\" alt=\"\" aria-describedby=\"gallery-1-1147\" srcset=\"https:\/\/i0.wp.com\/finnairinsukeltajat.fi\/wp-content\/uploads\/2016\/04\/make.jpg?resize=150%2C150 150w, https:\/\/i0.wp.com\/finnairinsukeltajat.fi\/wp-content\/uploads\/2016\/04\/make.jpg?resize=88%2C88 88w\" sizes=\"auto, (max-width: 150px) 100vw, 150px\" \/><\/a>\n\t\t\t<\/dt>\n\t\t\t\t<dd class='wp-caption-text gallery-caption' id='gallery-1-1147'>\n\t\t\t\tMake\n\t\t\t\t<\/dd><\/dl><br style=\"clear: both\" \/><dl class='gallery-item'>\n\t\t\t<dt class='gallery-icon portrait'>\n\t\t\t\t<a href='http:\/\/finnairinsukeltajat.fi\/?attachment_id=1140'><img loading=\"lazy\" decoding=\"async\" width=\"150\" height=\"150\" src=\"https:\/\/i0.wp.com\/finnairinsukeltajat.fi\/wp-content\/uploads\/2016\/04\/jyka.jpg?resize=150%2C150\" class=\"attachment-thumbnail size-thumbnail\" alt=\"\" aria-describedby=\"gallery-1-1140\" srcset=\"https:\/\/i0.wp.com\/finnairinsukeltajat.fi\/wp-content\/uploads\/2016\/04\/jyka.jpg?resize=150%2C150 150w, https:\/\/i0.wp.com\/finnairinsukeltajat.fi\/wp-content\/uploads\/2016\/04\/jyka.jpg?resize=88%2C88 88w\" sizes=\"auto, (max-width: 150px) 100vw, 150px\" \/><\/a>\n\t\t\t<\/dt>\n\t\t\t\t<dd class='wp-caption-text gallery-caption' id='gallery-1-1140'>\n\t\t\t\tJyk\u00e4\n\t\t\t\t<\/dd><\/dl><dl class='gallery-item'>\n\t\t\t<dt class='gallery-icon portrait'>\n\t\t\t\t<a href='http:\/\/finnairinsukeltajat.fi\/?attachment_id=1126'><img loading=\"lazy\" decoding=\"async\" width=\"150\" height=\"150\" src=\"https:\/\/i0.wp.com\/finnairinsukeltajat.fi\/wp-content\/uploads\/2016\/04\/aki.jpg?resize=150%2C150\" class=\"attachment-thumbnail size-thumbnail\" alt=\"\" aria-describedby=\"gallery-1-1126\" srcset=\"https:\/\/i0.wp.com\/finnairinsukeltajat.fi\/wp-content\/uploads\/2016\/04\/aki.jpg?resize=150%2C150 150w, https:\/\/i0.wp.com\/finnairinsukeltajat.fi\/wp-content\/uploads\/2016\/04\/aki.jpg?resize=88%2C88 88w\" sizes=\"auto, (max-width: 150px) 100vw, 150px\" \/><\/a>\n\t\t\t<\/dt>\n\t\t\t\t<dd class='wp-caption-text gallery-caption' id='gallery-1-1126'>\n\t\t\t\tAki ja iloa\n\t\t\t\t<\/dd><\/dl><dl class='gallery-item'>\n\t\t\t<dt class='gallery-icon portrait'>\n\t\t\t\t<a href='http:\/\/finnairinsukeltajat.fi\/?attachment_id=1138'><img loading=\"lazy\" decoding=\"async\" width=\"150\" height=\"150\" src=\"https:\/\/i0.wp.com\/finnairinsukeltajat.fi\/wp-content\/uploads\/2016\/04\/joke.jpg?resize=150%2C150\" class=\"attachment-thumbnail size-thumbnail\" alt=\"\" aria-describedby=\"gallery-1-1138\" srcset=\"https:\/\/i0.wp.com\/finnairinsukeltajat.fi\/wp-content\/uploads\/2016\/04\/joke.jpg?resize=150%2C150 150w, https:\/\/i0.wp.com\/finnairinsukeltajat.fi\/wp-content\/uploads\/2016\/04\/joke.jpg?resize=88%2C88 88w\" sizes=\"auto, (max-width: 150px) 100vw, 150px\" \/><\/a>\n\t\t\t<\/dt>\n\t\t\t\t<dd class='wp-caption-text gallery-caption' id='gallery-1-1138'>\n\t\t\t\tJoke, r\u00e4k\u00e4 poskella\n\t\t\t\t<\/dd><\/dl><br style=\"clear: both\" \/><dl class='gallery-item'>\n\t\t\t<dt class='gallery-icon landscape'>\n\t\t\t\t<a href='http:\/\/finnairinsukeltajat.fi\/?attachment_id=1128'><img loading=\"lazy\" decoding=\"async\" width=\"150\" height=\"150\" src=\"https:\/\/i0.wp.com\/finnairinsukeltajat.fi\/wp-content\/uploads\/2016\/04\/bargbasatama.jpg?resize=150%2C150\" class=\"attachment-thumbnail size-thumbnail\" alt=\"\" aria-describedby=\"gallery-1-1128\" srcset=\"https:\/\/i0.wp.com\/finnairinsukeltajat.fi\/wp-content\/uploads\/2016\/04\/bargbasatama.jpg?resize=150%2C150 150w, https:\/\/i0.wp.com\/finnairinsukeltajat.fi\/wp-content\/uploads\/2016\/04\/bargbasatama.jpg?resize=88%2C88 88w, https:\/\/i0.wp.com\/finnairinsukeltajat.fi\/wp-content\/uploads\/2016\/04\/bargbasatama.jpg?zoom=2&amp;resize=150%2C150 300w\" sizes=\"auto, (max-width: 150px) 100vw, 150px\" \/><\/a>\n\t\t\t<\/dt>\n\t\t\t\t<dd class='wp-caption-text gallery-caption' id='gallery-1-1128'>\n\t\t\t\tBarbara III\n\t\t\t\t<\/dd><\/dl><dl class='gallery-item'>\n\t\t\t<dt class='gallery-icon landscape'>\n\t\t\t\t<a href='http:\/\/finnairinsukeltajat.fi\/?attachment_id=1130'><img loading=\"lazy\" decoding=\"async\" width=\"150\" height=\"150\" src=\"https:\/\/i0.wp.com\/finnairinsukeltajat.fi\/wp-content\/uploads\/2016\/04\/daniakalliolla.jpg?resize=150%2C150\" class=\"attachment-thumbnail size-thumbnail\" alt=\"\" aria-describedby=\"gallery-1-1130\" srcset=\"https:\/\/i0.wp.com\/finnairinsukeltajat.fi\/wp-content\/uploads\/2016\/04\/daniakalliolla.jpg?resize=150%2C150 150w, https:\/\/i0.wp.com\/finnairinsukeltajat.fi\/wp-content\/uploads\/2016\/04\/daniakalliolla.jpg?resize=88%2C88 88w, https:\/\/i0.wp.com\/finnairinsukeltajat.fi\/wp-content\/uploads\/2016\/04\/daniakalliolla.jpg?zoom=2&amp;resize=150%2C150 300w\" sizes=\"auto, (max-width: 150px) 100vw, 150px\" \/><\/a>\n\t\t\t<\/dt>\n\t\t\t\t<dd class='wp-caption-text gallery-caption' id='gallery-1-1130'>\n\t\t\t\tDania\n\t\t\t\t<\/dd><\/dl><dl class='gallery-item'>\n\t\t\t<dt class='gallery-icon landscape'>\n\t\t\t\t<a href='http:\/\/finnairinsukeltajat.fi\/?attachment_id=1144'><img loading=\"lazy\" decoding=\"async\" width=\"150\" height=\"150\" src=\"https:\/\/i0.wp.com\/finnairinsukeltajat.fi\/wp-content\/uploads\/2016\/04\/koontutkiminen.jpg?resize=150%2C150\" class=\"attachment-thumbnail size-thumbnail\" alt=\"\" aria-describedby=\"gallery-1-1144\" srcset=\"https:\/\/i0.wp.com\/finnairinsukeltajat.fi\/wp-content\/uploads\/2016\/04\/koontutkiminen.jpg?resize=150%2C150 150w, https:\/\/i0.wp.com\/finnairinsukeltajat.fi\/wp-content\/uploads\/2016\/04\/koontutkiminen.jpg?resize=88%2C88 88w\" sizes=\"auto, (max-width: 150px) 100vw, 150px\" \/><\/a>\n\t\t\t<\/dt>\n\t\t\t\t<dd class='wp-caption-text gallery-caption' id='gallery-1-1144'>\n\t\t\t\tMare, Timo ja Joke l\u00e4htee kiert\u00e4m\u00e4\u00e4n Ko\u00f6n saarta\n\t\t\t\t<\/dd><\/dl><br style=\"clear: both\" \/><dl class='gallery-item'>\n\t\t\t<dt class='gallery-icon landscape'>\n\t\t\t\t<a href='http:\/\/finnairinsukeltajat.fi\/?attachment_id=1139'><img loading=\"lazy\" decoding=\"async\" width=\"150\" height=\"150\" src=\"https:\/\/i0.wp.com\/finnairinsukeltajat.fi\/wp-content\/uploads\/2016\/04\/jokemiiaela.jpg?resize=150%2C150\" class=\"attachment-thumbnail size-thumbnail\" alt=\"\" aria-describedby=\"gallery-1-1139\" srcset=\"https:\/\/i0.wp.com\/finnairinsukeltajat.fi\/wp-content\/uploads\/2016\/04\/jokemiiaela.jpg?resize=150%2C150 150w, https:\/\/i0.wp.com\/finnairinsukeltajat.fi\/wp-content\/uploads\/2016\/04\/jokemiiaela.jpg?resize=88%2C88 88w, https:\/\/i0.wp.com\/finnairinsukeltajat.fi\/wp-content\/uploads\/2016\/04\/jokemiiaela.jpg?zoom=2&amp;resize=150%2C150 300w\" sizes=\"auto, (max-width: 150px) 100vw, 150px\" \/><\/a>\n\t\t\t<\/dt>\n\t\t\t\t<dd class='wp-caption-text gallery-caption' id='gallery-1-1139'>\n\t\t\t\tJoke, Miia ja Ela\n\t\t\t\t<\/dd><\/dl><dl class='gallery-item'>\n\t\t\t<dt class='gallery-icon landscape'>\n\t\t\t\t<a href='http:\/\/finnairinsukeltajat.fi\/?attachment_id=1129'><img loading=\"lazy\" decoding=\"async\" width=\"150\" height=\"150\" src=\"https:\/\/i0.wp.com\/finnairinsukeltajat.fi\/wp-content\/uploads\/2016\/04\/dania3.jpg?resize=150%2C150\" class=\"attachment-thumbnail size-thumbnail\" alt=\"\" srcset=\"https:\/\/i0.wp.com\/finnairinsukeltajat.fi\/wp-content\/uploads\/2016\/04\/dania3.jpg?resize=150%2C150 150w, https:\/\/i0.wp.com\/finnairinsukeltajat.fi\/wp-content\/uploads\/2016\/04\/dania3.jpg?resize=88%2C88 88w, https:\/\/i0.wp.com\/finnairinsukeltajat.fi\/wp-content\/uploads\/2016\/04\/dania3.jpg?zoom=2&amp;resize=150%2C150 300w\" sizes=\"auto, (max-width: 150px) 100vw, 150px\" \/><\/a>\n\t\t\t<\/dt><\/dl><dl class='gallery-item'>\n\t\t\t<dt class='gallery-icon landscape'>\n\t\t\t\t<a href='http:\/\/finnairinsukeltajat.fi\/?attachment_id=1151'><img loading=\"lazy\" decoding=\"async\" width=\"150\" height=\"150\" src=\"https:\/\/i0.wp.com\/finnairinsukeltajat.fi\/wp-content\/uploads\/2016\/04\/miiatimomikko.jpg?resize=150%2C150\" class=\"attachment-thumbnail size-thumbnail\" alt=\"\" aria-describedby=\"gallery-1-1151\" srcset=\"https:\/\/i0.wp.com\/finnairinsukeltajat.fi\/wp-content\/uploads\/2016\/04\/miiatimomikko.jpg?resize=150%2C150 150w, https:\/\/i0.wp.com\/finnairinsukeltajat.fi\/wp-content\/uploads\/2016\/04\/miiatimomikko.jpg?resize=88%2C88 88w, https:\/\/i0.wp.com\/finnairinsukeltajat.fi\/wp-content\/uploads\/2016\/04\/miiatimomikko.jpg?zoom=2&amp;resize=150%2C150 300w\" sizes=\"auto, (max-width: 150px) 100vw, 150px\" \/><\/a>\n\t\t\t<\/dt>\n\t\t\t\t<dd class='wp-caption-text gallery-caption' id='gallery-1-1151'>\n\t\t\t\tMiia, Timo ja Mikko\n\t\t\t\t<\/dd><\/dl><br style=\"clear: both\" \/><dl class='gallery-item'>\n\t\t\t<dt class='gallery-icon landscape'>\n\t\t\t\t<a href='http:\/\/finnairinsukeltajat.fi\/?attachment_id=1162'><img loading=\"lazy\" decoding=\"async\" width=\"150\" height=\"150\" src=\"https:\/\/i0.wp.com\/finnairinsukeltajat.fi\/wp-content\/uploads\/2016\/04\/vieraita.jpg?resize=150%2C150\" class=\"attachment-thumbnail size-thumbnail\" alt=\"\" aria-describedby=\"gallery-1-1162\" srcset=\"https:\/\/i0.wp.com\/finnairinsukeltajat.fi\/wp-content\/uploads\/2016\/04\/vieraita.jpg?resize=150%2C150 150w, https:\/\/i0.wp.com\/finnairinsukeltajat.fi\/wp-content\/uploads\/2016\/04\/vieraita.jpg?resize=88%2C88 88w, https:\/\/i0.wp.com\/finnairinsukeltajat.fi\/wp-content\/uploads\/2016\/04\/vieraita.jpg?zoom=2&amp;resize=150%2C150 300w\" sizes=\"auto, (max-width: 150px) 100vw, 150px\" \/><\/a>\n\t\t\t<\/dt>\n\t\t\t\t<dd class='wp-caption-text gallery-caption' id='gallery-1-1162'>\n\t\t\t\tAnne, Mari S, Ville, Poma ja Nina\n\t\t\t\t<\/dd><\/dl><dl class='gallery-item'>\n\t\t\t<dt class='gallery-icon landscape'>\n\t\t\t\t<a href='http:\/\/finnairinsukeltajat.fi\/?attachment_id=1164'><img loading=\"lazy\" decoding=\"async\" width=\"150\" height=\"150\" src=\"https:\/\/i0.wp.com\/finnairinsukeltajat.fi\/wp-content\/uploads\/2016\/04\/yllatysjuhla.jpg?resize=150%2C150\" class=\"attachment-thumbnail size-thumbnail\" alt=\"\" aria-describedby=\"gallery-1-1164\" srcset=\"https:\/\/i0.wp.com\/finnairinsukeltajat.fi\/wp-content\/uploads\/2016\/04\/yllatysjuhla.jpg?resize=150%2C150 150w, https:\/\/i0.wp.com\/finnairinsukeltajat.fi\/wp-content\/uploads\/2016\/04\/yllatysjuhla.jpg?resize=88%2C88 88w\" sizes=\"auto, (max-width: 150px) 100vw, 150px\" \/><\/a>\n\t\t\t<\/dt>\n\t\t\t\t<dd class='wp-caption-text gallery-caption' id='gallery-1-1164'>\n\t\t\t\tJaana 4.. eiku 24v Onnea Jaanalle Jaana &#8221;yll\u00e4tti&#8221; meid\u00e4t kuohujuomalla ja syntt\u00e4rikahveilla. \n\t\t\t\t<\/dd><\/dl><dl class='gallery-item'>\n\t\t\t<dt class='gallery-icon landscape'>\n\t\t\t\t<a href='http:\/\/finnairinsukeltajat.fi\/?attachment_id=1163'><img loading=\"lazy\" decoding=\"async\" width=\"150\" height=\"150\" src=\"https:\/\/i0.wp.com\/finnairinsukeltajat.fi\/wp-content\/uploads\/2016\/04\/vieraita2.jpg?resize=150%2C150\" class=\"attachment-thumbnail size-thumbnail\" alt=\"\" srcset=\"https:\/\/i0.wp.com\/finnairinsukeltajat.fi\/wp-content\/uploads\/2016\/04\/vieraita2.jpg?resize=150%2C150 150w, https:\/\/i0.wp.com\/finnairinsukeltajat.fi\/wp-content\/uploads\/2016\/04\/vieraita2.jpg?resize=88%2C88 88w, https:\/\/i0.wp.com\/finnairinsukeltajat.fi\/wp-content\/uploads\/2016\/04\/vieraita2.jpg?zoom=2&amp;resize=150%2C150 300w\" sizes=\"auto, (max-width: 150px) 100vw, 150px\" \/><\/a>\n\t\t\t<\/dt><\/dl><br style=\"clear: both\" \/><dl class='gallery-item'>\n\t\t\t<dt class='gallery-icon landscape'>\n\t\t\t\t<a href='http:\/\/finnairinsukeltajat.fi\/?attachment_id=1158'><img loading=\"lazy\" decoding=\"async\" width=\"150\" height=\"150\" src=\"https:\/\/i0.wp.com\/finnairinsukeltajat.fi\/wp-content\/uploads\/2016\/04\/rapujuhla.jpg?resize=150%2C150\" class=\"attachment-thumbnail size-thumbnail\" alt=\"\" aria-describedby=\"gallery-1-1158\" srcset=\"https:\/\/i0.wp.com\/finnairinsukeltajat.fi\/wp-content\/uploads\/2016\/04\/rapujuhla.jpg?resize=150%2C150 150w, https:\/\/i0.wp.com\/finnairinsukeltajat.fi\/wp-content\/uploads\/2016\/04\/rapujuhla.jpg?resize=88%2C88 88w, https:\/\/i0.wp.com\/finnairinsukeltajat.fi\/wp-content\/uploads\/2016\/04\/rapujuhla.jpg?zoom=2&amp;resize=150%2C150 300w\" sizes=\"auto, (max-width: 150px) 100vw, 150px\" \/><\/a>\n\t\t\t<\/dt>\n\t\t\t\t<dd class='wp-caption-text gallery-caption' id='gallery-1-1158'>\n\t\t\t\tPerinteiset rapujuhlat. Vieraita oli yli 20 henke\u00e4. Iso p\u00f6yt\u00e4k\u00e4\u00e4n ei riitt\u00e4nyt vaan piti kattaa sohvap\u00f6yt\u00e4kin. Jyk\u00e4, Ela, Mari P, Make, Mari S ja Anne\n\t\t\t\t<\/dd><\/dl><dl class='gallery-item'>\n\t\t\t<dt class='gallery-icon landscape'>\n\t\t\t\t<a href='http:\/\/finnairinsukeltajat.fi\/?attachment_id=1135'><img loading=\"lazy\" decoding=\"async\" width=\"150\" height=\"150\" src=\"https:\/\/i0.wp.com\/finnairinsukeltajat.fi\/wp-content\/uploads\/2016\/04\/jaanaanne.jpg?resize=150%2C150\" class=\"attachment-thumbnail size-thumbnail\" alt=\"\" aria-describedby=\"gallery-1-1135\" srcset=\"https:\/\/i0.wp.com\/finnairinsukeltajat.fi\/wp-content\/uploads\/2016\/04\/jaanaanne.jpg?resize=150%2C150 150w, https:\/\/i0.wp.com\/finnairinsukeltajat.fi\/wp-content\/uploads\/2016\/04\/jaanaanne.jpg?resize=88%2C88 88w, https:\/\/i0.wp.com\/finnairinsukeltajat.fi\/wp-content\/uploads\/2016\/04\/jaanaanne.jpg?zoom=2&amp;resize=150%2C150 300w\" sizes=\"auto, (max-width: 150px) 100vw, 150px\" \/><\/a>\n\t\t\t<\/dt>\n\t\t\t\t<dd class='wp-caption-text gallery-caption' id='gallery-1-1135'>\n\t\t\t\tJaana ja Anne boolilla\n\t\t\t\t<\/dd><\/dl><dl class='gallery-item'>\n\t\t\t<dt class='gallery-icon landscape'>\n\t\t\t\t<a href='http:\/\/finnairinsukeltajat.fi\/?attachment_id=1133'><img loading=\"lazy\" decoding=\"async\" width=\"150\" height=\"150\" src=\"https:\/\/i0.wp.com\/finnairinsukeltajat.fi\/wp-content\/uploads\/2016\/04\/ilmakitara.jpg?resize=150%2C150\" class=\"attachment-thumbnail size-thumbnail\" alt=\"\" aria-describedby=\"gallery-1-1133\" srcset=\"https:\/\/i0.wp.com\/finnairinsukeltajat.fi\/wp-content\/uploads\/2016\/04\/ilmakitara.jpg?resize=150%2C150 150w, https:\/\/i0.wp.com\/finnairinsukeltajat.fi\/wp-content\/uploads\/2016\/04\/ilmakitara.jpg?resize=88%2C88 88w\" sizes=\"auto, (max-width: 150px) 100vw, 150px\" \/><\/a>\n\t\t\t<\/dt>\n\t\t\t\t<dd class='wp-caption-text gallery-caption' id='gallery-1-1133'>\n\t\t\t\tIlmakitarat soi. Esa, Mari, Kimmo ja Ville\n\t\t\t\t<\/dd><\/dl><br style=\"clear: both\" \/><dl class='gallery-item'>\n\t\t\t<dt class='gallery-icon landscape'>\n\t\t\t\t<a href='http:\/\/finnairinsukeltajat.fi\/?attachment_id=1150'><img loading=\"lazy\" decoding=\"async\" width=\"150\" height=\"150\" src=\"https:\/\/i0.wp.com\/finnairinsukeltajat.fi\/wp-content\/uploads\/2016\/04\/maretimo.jpg?resize=150%2C150\" class=\"attachment-thumbnail size-thumbnail\" alt=\"\" aria-describedby=\"gallery-1-1150\" srcset=\"https:\/\/i0.wp.com\/finnairinsukeltajat.fi\/wp-content\/uploads\/2016\/04\/maretimo.jpg?resize=150%2C150 150w, https:\/\/i0.wp.com\/finnairinsukeltajat.fi\/wp-content\/uploads\/2016\/04\/maretimo.jpg?resize=88%2C88 88w, https:\/\/i0.wp.com\/finnairinsukeltajat.fi\/wp-content\/uploads\/2016\/04\/maretimo.jpg?zoom=2&amp;resize=150%2C150 300w\" sizes=\"auto, (max-width: 150px) 100vw, 150px\" \/><\/a>\n\t\t\t<\/dt>\n\t\t\t\t<dd class='wp-caption-text gallery-caption' id='gallery-1-1150'>\n\t\t\t\tIllan pimetess\u00e4 juomatkin alkoi loistaa. Timo ja Mare\n\t\t\t\t<\/dd><\/dl><dl class='gallery-item'>\n\t\t\t<dt class='gallery-icon landscape'>\n\t\t\t\t<a href='http:\/\/finnairinsukeltajat.fi\/?attachment_id=1159'><img loading=\"lazy\" decoding=\"async\" width=\"150\" height=\"150\" src=\"https:\/\/i0.wp.com\/finnairinsukeltajat.fi\/wp-content\/uploads\/2016\/04\/toomas-ja-raimo.jpg?resize=150%2C150\" class=\"attachment-thumbnail size-thumbnail\" alt=\"\" aria-describedby=\"gallery-1-1159\" srcset=\"https:\/\/i0.wp.com\/finnairinsukeltajat.fi\/wp-content\/uploads\/2016\/04\/toomas-ja-raimo.jpg?resize=150%2C150 150w, https:\/\/i0.wp.com\/finnairinsukeltajat.fi\/wp-content\/uploads\/2016\/04\/toomas-ja-raimo.jpg?resize=88%2C88 88w, https:\/\/i0.wp.com\/finnairinsukeltajat.fi\/wp-content\/uploads\/2016\/04\/toomas-ja-raimo.jpg?zoom=2&amp;resize=150%2C150 300w\" sizes=\"auto, (max-width: 150px) 100vw, 150px\" \/><\/a>\n\t\t\t<\/dt>\n\t\t\t\t<dd class='wp-caption-text gallery-caption' id='gallery-1-1159'>\n\t\t\t\tToomas ja Raimo\n\t\t\t\t<\/dd><\/dl><dl class='gallery-item'>\n\t\t\t<dt class='gallery-icon landscape'>\n\t\t\t\t<a href='http:\/\/finnairinsukeltajat.fi\/?attachment_id=1148'><img loading=\"lazy\" decoding=\"async\" width=\"150\" height=\"150\" src=\"https:\/\/i0.wp.com\/finnairinsukeltajat.fi\/wp-content\/uploads\/2016\/04\/makesukvanh.jpg?resize=150%2C150\" class=\"attachment-thumbnail size-thumbnail\" alt=\"\" srcset=\"https:\/\/i0.wp.com\/finnairinsukeltajat.fi\/wp-content\/uploads\/2016\/04\/makesukvanh.jpg?resize=150%2C150 150w, https:\/\/i0.wp.com\/finnairinsukeltajat.fi\/wp-content\/uploads\/2016\/04\/makesukvanh.jpg?resize=88%2C88 88w\" sizes=\"auto, (max-width: 150px) 100vw, 150px\" \/><\/a>\n\t\t\t<\/dt><\/dl><br style=\"clear: both\" \/><dl class='gallery-item'>\n\t\t\t<dt class='gallery-icon landscape'>\n\t\t\t\t<a href='http:\/\/finnairinsukeltajat.fi\/?attachment_id=1141'><img loading=\"lazy\" decoding=\"async\" width=\"150\" height=\"150\" src=\"https:\/\/i0.wp.com\/finnairinsukeltajat.fi\/wp-content\/uploads\/2016\/04\/kalustokylkikiin.jpg?resize=150%2C150\" class=\"attachment-thumbnail size-thumbnail\" alt=\"\" srcset=\"https:\/\/i0.wp.com\/finnairinsukeltajat.fi\/wp-content\/uploads\/2016\/04\/kalustokylkikiin.jpg?resize=150%2C150 150w, https:\/\/i0.wp.com\/finnairinsukeltajat.fi\/wp-content\/uploads\/2016\/04\/kalustokylkikiin.jpg?resize=88%2C88 88w, https:\/\/i0.wp.com\/finnairinsukeltajat.fi\/wp-content\/uploads\/2016\/04\/kalustokylkikiin.jpg?zoom=2&amp;resize=150%2C150 300w\" sizes=\"auto, (max-width: 150px) 100vw, 150px\" \/><\/a>\n\t\t\t<\/dt><\/dl><dl class='gallery-item'>\n\t\t\t<dt class='gallery-icon landscape'>\n\t\t\t\t<a href='http:\/\/finnairinsukeltajat.fi\/?attachment_id=1136'><img loading=\"lazy\" decoding=\"async\" width=\"150\" height=\"150\" src=\"https:\/\/i0.wp.com\/finnairinsukeltajat.fi\/wp-content\/uploads\/2016\/04\/jaanapoyta.jpg?resize=150%2C150\" class=\"attachment-thumbnail size-thumbnail\" alt=\"\" srcset=\"https:\/\/i0.wp.com\/finnairinsukeltajat.fi\/wp-content\/uploads\/2016\/04\/jaanapoyta.jpg?resize=150%2C150 150w, https:\/\/i0.wp.com\/finnairinsukeltajat.fi\/wp-content\/uploads\/2016\/04\/jaanapoyta.jpg?resize=88%2C88 88w, https:\/\/i0.wp.com\/finnairinsukeltajat.fi\/wp-content\/uploads\/2016\/04\/jaanapoyta.jpg?zoom=2&amp;resize=150%2C150 300w, https:\/\/i0.wp.com\/finnairinsukeltajat.fi\/wp-content\/uploads\/2016\/04\/jaanapoyta.jpg?zoom=3&amp;resize=150%2C150 450w\" sizes=\"auto, (max-width: 150px) 100vw, 150px\" \/><\/a>\n\t\t\t<\/dt><\/dl><dl class='gallery-item'>\n\t\t\t<dt class='gallery-icon landscape'>\n\t\t\t\t<a href='http:\/\/finnairinsukeltajat.fi\/?attachment_id=1127'><img loading=\"lazy\" decoding=\"async\" width=\"150\" height=\"150\" src=\"https:\/\/i0.wp.com\/finnairinsukeltajat.fi\/wp-content\/uploads\/2016\/04\/barbara.jpg?resize=150%2C150\" class=\"attachment-thumbnail size-thumbnail\" alt=\"\" srcset=\"https:\/\/i0.wp.com\/finnairinsukeltajat.fi\/wp-content\/uploads\/2016\/04\/barbara.jpg?resize=150%2C150 150w, https:\/\/i0.wp.com\/finnairinsukeltajat.fi\/wp-content\/uploads\/2016\/04\/barbara.jpg?resize=88%2C88 88w\" sizes=\"auto, (max-width: 150px) 100vw, 150px\" \/><\/a>\n\t\t\t<\/dt><\/dl><br style=\"clear: both\" \/>\n\t\t<\/div>\n\n","protected":false},"excerpt":{"rendered":"<p>Monen niin odottama syysleirin p\u00e4\u00e4ll\u00e4 oli hieman synkki\u00e4 pilvi\u00e4. Kumpparin moottori varastettiin. Saimme kumminkin veneen valmiiksi juuri ennen leiri\u00e4, muutama tunti ennen. Dania vene kaipasi kastia ajoon perjantaiksi, jotta leiri voisi alkaa kunnolla lauantaina. T\u00e4m\u00e4kin varmistui pari p\u00e4iv\u00e4\u00e4 ennen. Majoitustilanne helpottui vasta lauantain,&nbsp; kun saimme y\u00f6ksi Johannan m\u00f6kin vuokralle. Meille [&hellip;]<\/p>\n","protected":false},"author":1,"featured_media":1141,"comment_status":"closed","ping_status":"closed","sticky":false,"template":"","format":"standard","meta":{"_jetpack_memberships_contains_paid_content":false,"footnotes":""},"categories":[19],"tags":[],"class_list":["post-1124","post","type-post","status-publish","format-standard","has-post-thumbnail","hentry","category-leirit"],"jetpack_featured_media_url":"https:\/\/i0.wp.com\/finnairinsukeltajat.fi\/wp-content\/uploads\/2016\/04\/kalustokylkikiin.jpg?fit=311%2C241","jetpack_sharing_enabled":true,"_links":{"self":[{"href":"http:\/\/finnairinsukeltajat.fi\/index.php?rest_route=\/wp\/v2\/posts\/1124","targetHints":{"allow":["GET"]}}],"collection":[{"href":"http:\/\/finnairinsukeltajat.fi\/index.php?rest_route=\/wp\/v2\/posts"}],"about":[{"href":"http:\/\/finnairinsukeltajat.fi\/index.php?rest_route=\/wp\/v2\/types\/post"}],"author":[{"embeddable":true,"href":"http:\/\/finnairinsukeltajat.fi\/index.php?rest_route=\/wp\/v2\/users\/1"}],"replies":[{"embeddable":true,"href":"http:\/\/finnairinsukeltajat.fi\/index.php?rest_route=%2Fwp%2Fv2%2Fcomments&post=1124"}],"version-history":[{"count":6,"href":"http:\/\/finnairinsukeltajat.fi\/index.php?rest_route=\/wp\/v2\/posts\/1124\/revisions"}],"predecessor-version":[{"id":47867,"href":"http:\/\/finnairinsukeltajat.fi\/index.php?rest_route=\/wp\/v2\/posts\/1124\/revisions\/47867"}],"wp:featuredmedia":[{"embeddable":true,"href":"http:\/\/finnairinsukeltajat.fi\/index.php?rest_route=\/wp\/v2\/media\/1141"}],"wp:attachment":[{"href":"http:\/\/finnairinsukeltajat.fi\/index.php?rest_route=%2Fwp%2Fv2%2Fmedia&parent=1124"}],"wp:term":[{"taxonomy":"category","embeddable":true,"href":"http:\/\/finnairinsukeltajat.fi\/index.php?rest_route=%2Fwp%2Fv2%2Fcategories&post=1124"},{"taxonomy":"post_tag","embeddable":true,"href":"http:\/\/finnairinsukeltajat.fi\/index.php?rest_route=%2Fwp%2Fv2%2Ftags&post=1124"}],"curies":[{"name":"wp","href":"https:\/\/api.w.org\/{rel}","templated":true}]}}