{"id":1313,"date":"2017-03-10T07:51:17","date_gmt":"2017-03-10T05:51:17","guid":{"rendered":"http:\/\/finnairinsukeltajat.fi\/?p=1313"},"modified":"2017-03-10T07:54:04","modified_gmt":"2017-03-10T05:54:04","slug":"1313","status":"publish","type":"post","link":"http:\/\/finnairinsukeltajat.fi\/?p=1313","title":{"rendered":"Kerhokirje 2017"},"content":{"rendered":"<p><strong>Finnairin Sukeltajat Ry:n j\u00e4senkirje numero 2\/ 2017<\/strong><\/p>\n<p>Tervehdys Sukeltaja, Finnairin Sukeltajat Ry:n \u00e4\u00e4nioikeutettu j\u00e4sen.<\/p>\n<p>Onnistuneen talvileirin j\u00e4lkeen vuorossa on s\u00e4\u00e4nt\u00f6jemme mukaan ennen Maaliskuun loppua pidett\u00e4v\u00e4 kev\u00e4tvuosikokous.<\/p>\n<p>Vuosikokous j\u00e4rjestet\u00e4\u00e4n Tiistaina 21.3.2017 Finnair Flight Academyss\u00e4 (Pyht\u00e4\u00e4nkorventie 11-13, Vantaa) Luokassa 32 klo 18:00 alkaen.<br \/>\nHiekkapintaiselta parkkialueelta tule yl\u00e4pihan ovelle B. Bussilta<br \/>\nvoit tulla p\u00e4\u00e4sis\u00e4\u00e4nk\u00e4ynnille C tai D.<br \/>\nJos sinulla ei ole oven avaavaa kulkukorttia, soita ovelta minulle.<br \/>\nLaitan oviin laput joissa viel\u00e4 luokka ja puhelinnumeroni.<\/p>\n<p>Syysvuosikokous valitsi seuralle puheenjohtajan sek\u00e4 hallituksen j\u00e4senet.<br \/>\nPJ:n\u00e4 jatkaa Heikki Kotiranta. Hallitukseen 2017 valittiin Timo Lammi, Jouko Riikonen ja Timo M\u00e4kinen.<br \/>\nT\u00e4ss\u00e4 kokouksessa katsellaan taaksep\u00e4in viime vuoden toimintaa.<\/p>\n<p>Katsotaan tietysti eteenp\u00e4inkin, mist\u00e4 tarkemmin oheisessa kokouksen<br \/>\nesityslistassa. Jos sinulla on joku asia tai asioita kohtaan \u201dmuut asiat\u201d,<br \/>\nole hyv\u00e4 ja ilmoita niin se\/ne voidaan lis\u00e4t\u00e4 kokouksessa jaettavaan<br \/>\nesityslistaan<br \/>\nKokouksessa on kahvitarjoilu ja my\u00f6s pikkupurtavaa. Tervetuloa kokoukseen.<br \/>\nilmoittautuminen suotavaa, muttei pakollista.<\/p>\n<p><strong>Kev\u00e4tkokouksessa on k\u00e4sitelt\u00e4v\u00e4 seuraavat asiat<\/strong><\/p>\n<p>&#8211; 1. Kokouksen avaus.<br \/>\n&#8211; 2. Valitaan kokouksen puheenjohtaja, sihteeri, 2<br \/>\np\u00f6yt\u00e4kirjantarkastajaa ja tarvittaessa 2 \u00e4\u00e4ntenlaskijaa.<br \/>\n&#8211; 3. Todetaan kokouksen laillisuus ja p\u00e4\u00e4t\u00f6svaltaisuus.<br \/>\n&#8211; 4. Hyv\u00e4ksyt\u00e4\u00e4n kokouksen ty\u00f6j\u00e4rjestys.<br \/>\n&#8211; 5. Esitell\u00e4\u00e4n tilinp\u00e4\u00e4t\u00f6s, vuosikertomus ja toiminnantarkastajan<br \/>\nlausunto.<br \/>\n&#8211; 6. P\u00e4\u00e4tet\u00e4\u00e4n tilinp\u00e4\u00e4t\u00f6ksen vahvistamisesta ja vastuuvapauden<br \/>\nmy\u00f6nt\u00e4misest\u00e4 hallitukselle ja muille vastuuvelvollisille.<br \/>\n&#8211; 7. K\u00e4sitell\u00e4\u00e4n muut kokouskutsussa mainitut asiat taikka muut<br \/>\nmahdollisesti esille tulevat asiat<\/p>\n<p><strong>Ja t\u00e4ss\u00e4 sitten kalenteriin paras kes\u00e4aktiviteetti, jota tehd\u00e4\u00e4n vaatteet p\u00e4\u00e4ll\u00e4:<\/strong><\/p>\n<p><strong>Kes\u00e4leiri 2017<\/strong><br \/>\nT\u00e4m\u00e4n vuoden kes\u00e4leiri j\u00e4rjestet\u00e4\u00e4n Saaristomerell\u00e4 7.7. \u2013 16.7.2017.<\/p>\n<p>Orbiitin l\u00e4ht\u00f6, paluu ja vaihtop\u00e4iv\u00e4t tapahtuvat Taalintehtaalla<br \/>\nL\u00e4ht\u00f6 lauantaina 8.7. aamulla<br \/>\nVaihtop\u00e4iv\u00e4 10.7. ja 13.7. illalla<br \/>\nPaluu p\u00e4iv\u00e4 16.7<\/p>\n<p><strong>Hinta:<\/strong><br \/>\nKoko viikko (9 pv) 600 \u20ac\/hl\u00f6<br \/>\n3 p\u00e4iv\u00e4\u00e4 220 \u20ac \/hl\u00f6<\/p>\n<p>Mik\u00e4li laivalla tilaa voi my\u00f6s ei-sukeltava osallistua, hinnat:<br \/>\nkoko viikko 300 \u20ac<br \/>\n3 p\u00e4iv\u00e4\u00e4 110 \u20ac<\/p>\n<p><strong>Maksut Merisukeltajat Ry tilille: IBAN FI36 1328 5000 1511 10<\/strong><br \/>\nVarausmaksu 50%\u00a0 1.5.2017 menness\u00e4<br \/>\nLoppumaksu 3.7.2017 menness\u00e4.<\/p>\n<p>Hinta sis\u00e4lt\u00e4\u00e4 laivakuljetuksen kohteille, sukellukset, ilmat\u00e4yt\u00f6t,<br \/>\nmajoituksen ja ruuat, erikoisruokavaliot ilmoitettava ennakkoon.<\/p>\n<p>Omia majoitusvarusteita on oltava lakanat tai makuupussi (laivalla<br \/>\nrunkopatjas\u00e4ngyt) ja pyyhe.<br \/>\nMukaan tietysti my\u00f6s omat sukellusvarusteet.<br \/>\nKompressori ilmat\u00e4ytt\u00f6j\u00e4 varten tulee kerhon puolesta.<\/p>\n<p><strong>Ilmoittautumiset Markus Hillberg:lle s\u00e4hk\u00f6postiin:<\/strong><br \/>\n<a href=\"mailto:Info.merisukeltajat@gmail.com\" target=\"_blank\">Info.merisukeltajat@gmail.com<\/a><br \/>\nMaksut Merisukeltajat ry tilille.<\/p>\n<p>Sukelluskohteet Taalintehtaan ja Ut\u00f6n v\u00e4lill\u00e4, kohteet kelin mukaan<\/p>\n<p>Lis\u00e4tietoja leirist\u00e4 Markus puh. 050-444 7088 ja Jonkka puh. 045-678 7500<\/p>\n<p><strong>Tervetuloa mukaan sukeltamaan Saaristomerelle!<\/strong><br \/>\n<strong>Merisukeltajat ry<\/strong><\/p>\n<p>N\u00e4hd\u00e4\u00e4n pinnalla tai pinnan alla, toivoo Timo M\u00e4kinen, mustan kumin nimeen vannova. Mun turvasana on Loitokari&#8230;.<\/p>\n","protected":false},"excerpt":{"rendered":"<p>Finnairin Sukeltajat Ry:n j\u00e4senkirje numero 2\/ 2017 Tervehdys Sukeltaja, Finnairin Sukeltajat Ry:n \u00e4\u00e4nioikeutettu j\u00e4sen. Onnistuneen talvileirin j\u00e4lkeen vuorossa on s\u00e4\u00e4nt\u00f6jemme mukaan ennen Maaliskuun loppua pidett\u00e4v\u00e4 kev\u00e4tvuosikokous. Vuosikokous j\u00e4rjestet\u00e4\u00e4n Tiistaina 21.3.2017 Finnair Flight Academyss\u00e4 (Pyht\u00e4\u00e4nkorventie 11-13, Vantaa) Luokassa 32 klo 18:00 alkaen. Hiekkapintaiselta parkkialueelta tule yl\u00e4pihan ovelle B. Bussilta voit tulla [&hellip;]<\/p>\n","protected":false},"author":1,"featured_media":0,"comment_status":"closed","ping_status":"closed","sticky":false,"template":"","format":"standard","meta":{"_jetpack_memberships_contains_paid_content":false,"footnotes":""},"categories":[16],"tags":[],"class_list":["post-1313","post","type-post","status-publish","format-standard","hentry","category-kerhokirjeet"],"jetpack_featured_media_url":"","jetpack_sharing_enabled":true,"_links":{"self":[{"href":"http:\/\/finnairinsukeltajat.fi\/index.php?rest_route=\/wp\/v2\/posts\/1313","targetHints":{"allow":["GET"]}}],"collection":[{"href":"http:\/\/finnairinsukeltajat.fi\/index.php?rest_route=\/wp\/v2\/posts"}],"about":[{"href":"http:\/\/finnairinsukeltajat.fi\/index.php?rest_route=\/wp\/v2\/types\/post"}],"author":[{"embeddable":true,"href":"http:\/\/finnairinsukeltajat.fi\/index.php?rest_route=\/wp\/v2\/users\/1"}],"replies":[{"embeddable":true,"href":"http:\/\/finnairinsukeltajat.fi\/index.php?rest_route=%2Fwp%2Fv2%2Fcomments&post=1313"}],"version-history":[{"count":2,"href":"http:\/\/finnairinsukeltajat.fi\/index.php?rest_route=\/wp\/v2\/posts\/1313\/revisions"}],"predecessor-version":[{"id":1315,"href":"http:\/\/finnairinsukeltajat.fi\/index.php?rest_route=\/wp\/v2\/posts\/1313\/revisions\/1315"}],"wp:attachment":[{"href":"http:\/\/finnairinsukeltajat.fi\/index.php?rest_route=%2Fwp%2Fv2%2Fmedia&parent=1313"}],"wp:term":[{"taxonomy":"category","embeddable":true,"href":"http:\/\/finnairinsukeltajat.fi\/index.php?rest_route=%2Fwp%2Fv2%2Fcategories&post=1313"},{"taxonomy":"post_tag","embeddable":true,"href":"http:\/\/finnairinsukeltajat.fi\/index.php?rest_route=%2Fwp%2Fv2%2Ftags&post=1313"}],"curies":[{"name":"wp","href":"https:\/\/api.w.org\/{rel}","templated":true}]}}