{"id":1389,"date":"2018-04-25T00:36:48","date_gmt":"2018-04-24T21:36:48","guid":{"rendered":"http:\/\/finnairinsukeltajat.fi\/?p=1389"},"modified":"2020-11-03T16:24:31","modified_gmt":"2020-11-03T14:24:31","slug":"sihteerin-kevatkirje-2018","status":"publish","type":"post","link":"http:\/\/finnairinsukeltajat.fi\/?p=1389","title":{"rendered":"Sihteerin kev\u00e4tkirje 2018"},"content":{"rendered":"<h4>Finnairin Sukeltajat Ry<br \/>\nSihteerin kev\u00e4tkirje 2018<br \/>\n24.4.2018<\/h4>\n<p>Aurinkoista kev\u00e4tp\u00e4iv\u00e4\u00e4 sinulle Finnairin kuninkaallisen sukelluskerhon j\u00e4sen!<br \/>\nK\u00e4rsimme juuri teknisist\u00e4 vaikeuksista. Facebook sy\u00f6te seuran FB sivuilta nettisivuillemme ei toimi. Syyn\u00e4 on EU:n tiukentunut tietoturvalaki. Korjaukset on jo tehty, mutta niiden voimaan tulokest\u00e4\u00e4 noin kaksi viikkoa.<br \/>\nSielt\u00e4 Fakebookista kaikki kyll\u00e4 l\u00f6ytyy, samoin tietoa ajankohtaisista asioista l\u00e4het\u00e4mme tekstiviesteill\u00e4 kuten edellisin\u00e4kin vuosina. Silloin t\u00e4ll\u00f6in my\u00f6s s\u00e4hk\u00f6postilla.<\/p>\n<p>Vuodesta 2018 on kohta kulunut jo kolmasosa, j\u00e4senemme ovat suorittaneet yhteens\u00e4 satoja sukelluksia sek\u00e4 ulkomailla, ett\u00e4 kotimaassa. Ensimm\u00e4iset kotimaan avovesisukelluksetkin on todistettavasti tehty, t\u00e4st\u00e4 se l\u00e4htee&#8230;.<\/p>\n<p>T\u00e4ll\u00e4 viikolla Sarvastossa tehd\u00e4\u00e4n Cicilialle ne huollot jota ei en\u00e4\u00e4 vedess\u00e4 voi tehd\u00e4, lauantaina sitten vene p\u00e4\u00e4see mereen. Laiturissa tehd\u00e4\u00e4n loput<br \/>\nkev\u00e4tkunnostukset ja sukeltamaan l\u00e4hdet\u00e4\u00e4n heti, kun veneilyyn tarvittavat rahat on ker\u00e4tty teiden varsilta.<br \/>\nEdellisvuosien tapaan seuramme on ottanut Destialta urakan tiettyjen tiealueiden piennarten roskien puhdistamisesta. Ensimm\u00e4iset alueet on jo tehty, 16.4.2018 p\u00e4\u00e4stiin vihdoin alkamaan. Mukavaa luonnossa ulkoilua homma on vain hetkitt\u00e4in, mutta t\u00e4m\u00e4n urakan avulla lyhenn\u00e4mme Cicilian hankintaan otettua lainaa ja maksamme erilaisia venekuluja. T\u00e4m\u00e4n varainhankinnan avulla my\u00f6s<br \/>\nseuran j\u00e4senmaksu pidet\u00e4\u00e4n kohtuullisella tasolla. Tervetuloa dyykkaamaan!<\/p>\n<p><strong>Tulevia tapahtumia:<\/strong><br \/>\n26.5.2018 seuramme menee kaikkien Finnairin harrastuskerhojen kanssa esittelem\u00e4\u00e4n toimintaansa HOTT:ssa j\u00e4rjestett\u00e4v\u00e4lle Finnairin Perhep\u00e4iv\u00e4lle. Jos haluat tulla veneen viereen esittelem\u00e4\u00e4n toimintaamme, soita minulle. Tapahtuma on kaikille avoin, kannattaa tulla tutustumaan muidenkin kerhojen toimintaan.<br \/>\nKes\u00e4kauden avaus j\u00e4rjestet\u00e4\u00e4n yhdess\u00e4 Merisukeltajat ry:n kanssa Porkkalassa rantasukelluksena 9.6.2018 , MS ry tarjoaa makkarat, tuo muut ev\u00e4\u00e4t itse.<\/p>\n<p>Iltasukellukset Sarvastosta kes\u00e4tiistaisin klo 17:00 ja keskiviikkoisin (tai torstaisin) klo 17:00. Iltasukelluskeikoista tiedotetaaan tekstiviestill\u00e4 ja niille ilmoittaudutaan vastaamalla kyseiseen tekstiviestiin, ilmoita minulle jos numerosi on vuoden aikana muuttunut.<\/p>\n<p>Kes\u00e4leirin j\u00e4rjest\u00e4\u00e4 Merisukeltajat ry, t\u00e4n\u00e4 vuonna Orbiit seikkailee viikon Ahvenanmaalla 6.7. &#8211; 15.7.2018. L\u00e4ht\u00f6 ja paluu on Hangosta. Mahdolliset vaihtop\u00e4iv\u00e4t Maarianhaminassa ovat maanantai 9.7. ja torstai 12.7.<\/p>\n<p>Syysleiri on Prediumissa 30.8.2018 &#8211; 2.9.2018. Leiri on lyhennetty pitk\u00e4ksi viikonlopuksi viime vuoden heikon osaanoton vuoksi. Mahdollista pident\u00e4\u00e4 jos kiinnostusta t\u00e4n\u00e4 vuonna l\u00f6ytyykin.<br \/>\nT\u00e4ss\u00e4 v\u00e4h\u00e4n runkoa, muutakin varmaan tehd\u00e4\u00e4n, viikonloppukeikkoja Cicilialla, rantakeikkoja Porkkalassa tai melkuttimella. P1 kurssin avovesisukelluksia hienolle 9 oppilaan porukalle.<\/p>\n<p>Seuran kerhotila on Pohjois-Nikinm\u00e4ess\u00e4 Vantaalla. Sinne voi tulla t\u00e4yt\u00e4tt\u00e4m\u00e4\u00e4n leimatut pullot kerran viikossa, t\u00e4ll\u00e4 tietoa maanantai-iltana.<br \/>\nKerhotiloissa on my\u00f6s j\u00e4senille vuokrattavissa l\u00e4mmint\u00e4 ja kuivaa varastotilaa sukellus- ym. varusteiden s\u00e4ilytt\u00e4miseen. Pari hyllykk\u00f6\u00e4 on t\u00e4ll\u00e4 hetkell\u00e4 tyhjill\u00e4\u00e4n, vuokraukset: H. Kotiranta.<\/p>\n<p>E-Passi! Odotettu liikuntasetelin perillinen otetaan k\u00e4ytt\u00f6\u00f6n Finnairin Sukeltajat ry:n toimintaan.<br \/>\nPassilla voit maksaa sukelluskursseja, seuran leirej\u00e4 ja sukelluksia.<br \/>\nPassilla et voi maksaa j\u00e4senmaksua, kaasuja, kalustonk\u00e4ytt\u00f6maksuja, toisen henkil\u00f6n kuten puolison tai lapsen maksuja, seuran pikkujouluja tai vuosi- ym.juhlia.<\/p>\n<p>Tulen l\u00e4hett\u00e4m\u00e4\u00e4n t\u00e4n\u00e4 kes\u00e4n\u00e4 kaikille j\u00e4senille e-mailin, jossa kerron mit\u00e4 tietoja seuralla h\u00e4nest\u00e4 on, miten tietoja s\u00e4ilytet\u00e4\u00e4n ja mihin hintaan niit\u00e4 myyd\u00e4\u00e4n kolmansille osapuolille&#8230;.<br \/>\nEm. pohjustuksena sille, ett\u00e4 aiomme hakea Sukellusluvat muutamille suoja-alueille kaikille seuran j\u00e4senille. Anomukseen ilmoitetaan henkil\u00f6n nimi, syntym\u00e4aika ilman HETU loppuosaa, sek\u00e4 kansalaisuus. Jos ehdottomasti et halua nime\u00e4si t\u00e4h\u00e4n anomukseen, ilmoita minulle, kiitos.<\/p>\n<p>Laulun sanoin Sommaren \u00e4r kort, 8 kuukautta jouluun on, laskin itse \u00e4sken aivan.<br \/>\nTule mukaan touhuamaan muiden siviilisammakkojen kanssa, veden alle sek\u00e4 kuivalle maalle.<br \/>\nNopeammin kuin huomaatkaan, on taas k\u00e4sill\u00e4 p\u00e4iv\u00e4 jolloin Cicilia nostetaan talviteloilleen!<\/p>\n<p>Terveisin sihteeri Timo? M\u00e4kk\u00e4ri? M\u00e4kinen.<\/p>\n<p>&nbsp;<\/p>\n","protected":false},"excerpt":{"rendered":"<p>Finnairin Sukeltajat Ry Sihteerin kev\u00e4tkirje 2018 24.4.2018 Aurinkoista kev\u00e4tp\u00e4iv\u00e4\u00e4 sinulle Finnairin kuninkaallisen sukelluskerhon j\u00e4sen! K\u00e4rsimme juuri teknisist\u00e4 vaikeuksista. Facebook sy\u00f6te seuran FB sivuilta nettisivuillemme ei toimi. Syyn\u00e4 on EU:n tiukentunut tietoturvalaki. Korjaukset on jo tehty, mutta niiden voimaan tulokest\u00e4\u00e4 noin kaksi viikkoa. Sielt\u00e4 Fakebookista kaikki kyll\u00e4 l\u00f6ytyy, samoin tietoa ajankohtaisista [&hellip;]<\/p>\n","protected":false},"author":1,"featured_media":47676,"comment_status":"closed","ping_status":"closed","sticky":false,"template":"","format":"standard","meta":{"_jetpack_memberships_contains_paid_content":false,"footnotes":""},"categories":[16],"tags":[],"class_list":["post-1389","post","type-post","status-publish","format-standard","has-post-thumbnail","hentry","category-kerhokirjeet"],"jetpack_featured_media_url":"https:\/\/i0.wp.com\/finnairinsukeltajat.fi\/wp-content\/uploads\/2018\/04\/pexels-photo-1166869.jpeg?fit=867%2C1300","jetpack_sharing_enabled":true,"_links":{"self":[{"href":"http:\/\/finnairinsukeltajat.fi\/index.php?rest_route=\/wp\/v2\/posts\/1389","targetHints":{"allow":["GET"]}}],"collection":[{"href":"http:\/\/finnairinsukeltajat.fi\/index.php?rest_route=\/wp\/v2\/posts"}],"about":[{"href":"http:\/\/finnairinsukeltajat.fi\/index.php?rest_route=\/wp\/v2\/types\/post"}],"author":[{"embeddable":true,"href":"http:\/\/finnairinsukeltajat.fi\/index.php?rest_route=\/wp\/v2\/users\/1"}],"replies":[{"embeddable":true,"href":"http:\/\/finnairinsukeltajat.fi\/index.php?rest_route=%2Fwp%2Fv2%2Fcomments&post=1389"}],"version-history":[{"count":4,"href":"http:\/\/finnairinsukeltajat.fi\/index.php?rest_route=\/wp\/v2\/posts\/1389\/revisions"}],"predecessor-version":[{"id":1399,"href":"http:\/\/finnairinsukeltajat.fi\/index.php?rest_route=\/wp\/v2\/posts\/1389\/revisions\/1399"}],"wp:featuredmedia":[{"embeddable":true,"href":"http:\/\/finnairinsukeltajat.fi\/index.php?rest_route=\/wp\/v2\/media\/47676"}],"wp:attachment":[{"href":"http:\/\/finnairinsukeltajat.fi\/index.php?rest_route=%2Fwp%2Fv2%2Fmedia&parent=1389"}],"wp:term":[{"taxonomy":"category","embeddable":true,"href":"http:\/\/finnairinsukeltajat.fi\/index.php?rest_route=%2Fwp%2Fv2%2Fcategories&post=1389"},{"taxonomy":"post_tag","embeddable":true,"href":"http:\/\/finnairinsukeltajat.fi\/index.php?rest_route=%2Fwp%2Fv2%2Ftags&post=1389"}],"curies":[{"name":"wp","href":"https:\/\/api.w.org\/{rel}","templated":true}]}}