{"id":1418,"date":"2018-08-27T09:44:49","date_gmt":"2018-08-27T06:44:49","guid":{"rendered":"http:\/\/finnairinsukeltajat.fi\/?p=1418"},"modified":"2020-11-02T08:40:52","modified_gmt":"2020-11-02T06:40:52","slug":"sihteerin-syyskesakirje","status":"publish","type":"post","link":"http:\/\/finnairinsukeltajat.fi\/?p=1418","title":{"rendered":"Sihteerin syyskes\u00e4kirje 2018"},"content":{"rendered":"<p><strong>Hello Finnairinsukeltaja!<\/strong><\/p>\n<p>T\u00e4m\u00e4 on sihteerin syyskes\u00e4kirje<\/p>\n<p>Illat pimenev\u00e4t ja kohta ei en\u00e4\u00e4 voida tehd\u00e4 tiistaisukelluksia.<\/p>\n<p>Tarjolla on viel\u00e4 kaksi hienoa sukellusviikonloppua.<\/p>\n<p>Ensimmm\u00e4inen on jo t\u00e4n\u00e4 viikonloppuna, syysleiri Prediumissa 30.8.-2.9.2018.<br \/>\nT\u00e4st\u00e4 on jo rummutettu Seuran sivuilla ja Facebookissa,<br \/>\np\u00e4hkin\u00e4nkuoressa:<br \/>\n-m\u00f6kkimajoitus (iso m\u00f6kki 66 ja pikkum\u00f6kkej\u00e4)<br \/>\n-sukellusvuorokausi 50 euroa, pelkk\u00e4 sukellusp\u00e4iv\u00e4 35 e, pelkk\u00e4 majoitus 20 e.<br \/>\n-omat petivaatteet ja ev\u00e4\u00e4t (aamukahvi ja -puuro talon puolesta)<br \/>\n-aamul\u00e4ht\u00f6 klo 10:00 kumpparilla ja isolla lasikuituveneell\u00e4.<br \/>\n-tule t\u00e4ysin pulloin, ota varapullo (jos sinulla on) nopeuttamaan<br \/>\np\u00e4iv\u00e4n toista sukellusta<br \/>\n-seura tuo paikalle kompuran.<br \/>\n-ilmoittautuminen&nbsp;<a href=\"mailto:jouko.riikonen@finnair.com\" target=\"_blank\" rel=\"noopener noreferrer\">jouko.riikonen@finnair.com<\/a><\/p>\n<p>Leirill\u00e4 suoritetaan P2 kurssin y\u00f6sukellus helpohkolle Pyh\u00e4maa<br \/>\n-hylylle. T\u00e4ll\u00e4 hetkell\u00e4 oppilaita on vasta yksi joten jos luokituksen<br \/>\nnosto P1 \u2192 P2 kiinnostaa, ota yhteys&nbsp;<a href=\"mailto:timo.lammi@finnair.com\" target=\"_blank\" rel=\"noopener noreferrer\">timo.lammi@finnair.com<\/a>.<\/p>\n<p>Finnairin sukeltajat ry:n hallitus p\u00e4\u00e4tti, ett\u00e4 seura osallistuu<br \/>\nsukellusseurojen yhteistapahtumaan Isosaaressa 14.9. &#8211; 16.9.2018.<br \/>\nCicilia menee saareen ja voi vied\u00e4 sinut varusteinesi, tai pelk\u00e4t<br \/>\nsukevarusteet, jos p\u00e4\u00e4t\u00e4t tulla yhteysaluksella. Majoitus ym. on<br \/>\nsaaressa. T\u00e4st\u00e4 tulee viel\u00e4 lis\u00e4tietoa Faceen\/seuran sivuille<br \/>\n\/tekstiviestin\u00e4.<br \/>\nKirjeen lopussa on tapahtumaj\u00e4rjest\u00e4j\u00e4n tiedote.<\/p>\n<p>Ei meit\u00e4 pimeysk\u00e4\u00e4n pelota. Diversnight 2018 j\u00e4rjestet\u00e4\u00e4n j\u00e4lleen.<br \/>\nViime vuoden tapaan Uutelan rantam\u00f6kki ja rantasauna on varattu. T\u00e4m\u00e4<br \/>\nkoko perheen tapahtuma on ilmainen ja taitavatpa Finnairin sukeltajat<br \/>\nry ja Merisukeltajat ry tarjota makkarat ja limsat. Omien ev\u00e4iden<br \/>\ntuonti on sallittua\u2026 jopa suotavaa. Pukeudu l\u00e4mpim\u00e4sti ja ota<br \/>\notsalamppu p\u00e4\u00e4h\u00e4n!<br \/>\nLauantaina 3.11.2018 veden alle pyrit\u00e4\u00e4n saamaan mahdollisimman monta<br \/>\nsukeltajaa klo 20:18.<br \/>\nSauna l\u00e4mmitet\u00e4\u00e4n, ja paikka on varattu sunnuntaiaamuun asti. Itse<br \/>\nm\u00f6kki on kalsean kylm\u00e4.<br \/>\nIlmoittautuminen ei ole pakollista, mutta helpottaa makkaram\u00e4\u00e4r\u00e4\u00e4<br \/>\narvioitaessa.<br \/>\n<a href=\"mailto:sihteeri@finnairinsukeltajat.fi\" target=\"_blank\" rel=\"noopener noreferrer\">sihteeri@finnairinsukeltajat.f<wbr>i<\/a>&nbsp;. Tietoa tulee Facebookiin ja&nbsp;seuran sivuille.<\/p>\n<p>Vuoden t\u00e4rkein tapahtuma, pikkujoulut on t\u00e4n\u00e4 vuonna Kappelin<br \/>\nKellarissa ihan siell\u00e4 Tsadin ytimess\u00e4. 5.12.2018 ja ovet aukeavat klo<br \/>\n18:00. B\u00e4ndi on jo varattu, ruokalistaa ei ole viel\u00e4 p\u00e4\u00e4tetty, joten<br \/>\nillalliskortin hinta on auki. Ilmoittautua voi silti jo<br \/>\n<a href=\"mailto:sihteeri@finnairinsukeltajat.fi\" target=\"_blank\" rel=\"noopener noreferrer\">sihteeri@finnairinsukeltajat.f<wbr>i<\/a><\/p>\n<p>Vuoden toiseksi t\u00e4rkeimm\u00e4n tapauksen, Finnairin Sukeltajat ry:n<br \/>\nSyysvuosikokouksen ajankohtaa ei ole viel\u00e4 p\u00e4\u00e4tetty. Paikka on Finnair<br \/>\nFlight Academy, Vantaa.&nbsp; Kokouskutsu tulee viel\u00e4 s\u00e4hk\u00f6postilla<br \/>\nviimeist\u00e4\u00e4n 14 vrk ennen kokousta.<br \/>\nJos sinulla on asioita, joita haluat esityslistalle, ilmoita minulle<br \/>\ntai hallituksen j\u00e4senille. Ja&#8230; jos v\u00e4h\u00e4nk\u00e4\u00e4n kiinnostaa yhdistyksen<br \/>\nhallituksessa toimiminen, ilmoittaudu minulle.<br \/>\nOlemme py\u00f6ritt\u00e4neet t\u00e4t\u00e4 kioskia jo pitk\u00e4\u00e4n l\u00e4hes samoilla<br \/>\nnaamoilla, joten uudet ideat ja energiat ovat tervetulleita.<br \/>\nSyyskokouksessa valitaan seuran puheenjohtaja 2019 sek\u00e4 vuoden 2019<br \/>\nhallituksen j\u00e4senet.<\/p>\n<p>N\u00e4hd\u00e4\u00e4n pinnan alla tai pinnalla, Terveisin sihteeri Timo.<br \/>\nJa alla tarinaa Isosaaren viikonlopusta:<\/p>\n<p>&#8230;&#8230;&#8230;&#8230;&#8230;&#8230;&#8230;&#8230;&gt;)))))<wbr>);&gt;&#8230;&#8230;&#8230;&#8230;&#8230;&#8230;&#8230;&#8230;&#8230;<wbr>.<\/p>\n<p><strong>Homman idea:<\/strong> P\u00e4\u00e4kaupunkiseudun sukeltajien yhteinen<br \/>\nsukellusviikonloppu. Sukelletaan ja harjoitetaan vapaamuotoista<br \/>\npienryhm\u00e4toimintaa.<\/p>\n<p><strong>Hinnoittelu:<\/strong> Jokainen porukka hinnoittelee omille j\u00e4senilleen miten<br \/>\nhyv\u00e4ksi n\u00e4kee ja jos ja toivottavasti kun ottaa vieraita veneeseen<br \/>\n(idea olisi k\u00e4yd\u00e4 vieraissa ja sekoittaa pakkaa) niin pyyt\u00e4\u00e4 vieraalta<br \/>\nsen mit\u00e4 haluaa.<\/p>\n<p>Isosaareen maksetaan 5\u20ac \/ turpa siit\u00e4 hyv\u00e4st\u00e4, ett\u00e4 saadaan huudattaa<br \/>\nkompuroita.<\/p>\n<p>Satamamaksu on 25\u20ac \/ venekunta \/ y\u00f6 ja se sis\u00e4lt\u00e4\u00e4 saunomisen ja s\u00e4hk\u00f6n<\/p>\n<p><strong>Y\u00f6pyminen saaressa:<\/strong><\/p>\n<p>1) Voi telttailla.<br \/>\n2)Sukellusalus Orbiit osallistuu tapahtumaan. Koko viikonloppu<br \/>\nOrbiitilla (l\u00e4ht\u00f6 perjantaina) sis\u00e4lt\u00e4en sukeltamisen ja majoituksen<br \/>\n80 \u20ac. My\u00f6s pelkk\u00e4\u00e4 y\u00f6pymispaikkaa voi tiedustella Orbiitilta.<br \/>\nTiedustelut koskien Orbiitia:&nbsp;<a href=\"mailto:sami2svard@gmail.com\" target=\"_blank\" rel=\"noopener noreferrer\">sami2svard@gmail.com<\/a><\/p>\n<p><strong>Huom! Aiemmin mainostettu y\u00f6pymismahdollisuus Isosaaren<\/strong><br \/>\n<strong> yhteysaluksella on peruuntunut!<\/strong><\/p>\n<p><strong>Sukeltaminen:<\/strong><br \/>\nIsosaaren l\u00e4hell\u00e4 on hylky\u00e4 kuin pipoa:<br \/>\nObsidian,Tiilihylky, Bendarenin hylky , GA, Hval,Coolaroo,K\u00f6nigin Luise.<br \/>\nNoin 11 nm et\u00e4isyydel\u00e4 olisi my\u00f6s Jutn Feldtmann.<\/p>\n<p>Erikoisuutena voisi olla mahdollisuus sukeltaa Isosaaren<br \/>\nTorpeedoasemaan jos saadaan luvat sovittua.<\/p>\n<p><strong>Kaasuhuolto:<\/strong> Urheilusukeltajat tuo saareen 180 L \/ min tuottavan<br \/>\nvoimavirralla toimivan kompressorin jolla voidaan tehd\u00e4 my\u00f6s Nitroxia.<br \/>\nS\u00e4hk\u00f6\u00e4 riitt\u00e4\u00e4 helposti parille muullekkin kompuralle ja niit\u00e4 varmaan<br \/>\ntarvitaan jos ja toivottavasti kun porukaa tulee paljon.<br \/>\nT\u00e4ytyy sitten sopia joku korvausk\u00e4yt\u00e4nt\u00f6 t\u00e4yt\u00f6ist\u00e4.<\/p>\n<p><strong>Rantatoiminta:<\/strong> Saaressa on ravintola ja iso sauna.<\/p>\n<p>Niiden ymp\u00e4rille on hyv\u00e4 synnytt\u00e4\u00e4 sukelluksen j\u00e4lkeinen pienryhm\u00e4toiminta.<\/p>\n<p>Isosaarihan on itsess\u00e4\u00e4n aikamoinen n\u00e4ht\u00e4vyys jos siell\u00e4 ei ole viel\u00e4 k\u00e4ynyt.<\/p>\n<p>Allekirjoittanut toimii tapahtuman p\u00e4\u00e4kekkulina.<\/p>\n<p><strong>Ottakaa koodia<\/strong>&nbsp;<a href=\"mailto:jaska.virkkala@gmail.com\" target=\"_blank\" rel=\"noopener noreferrer\">jaska.virkkala@gmail.com<\/a>&nbsp;\/ 040-8496662<\/p>\n","protected":false},"excerpt":{"rendered":"<p>Hello Finnairinsukeltaja! T\u00e4m\u00e4 on sihteerin syyskes\u00e4kirje Illat pimenev\u00e4t ja kohta ei en\u00e4\u00e4 voida tehd\u00e4 tiistaisukelluksia. Tarjolla on viel\u00e4 kaksi hienoa sukellusviikonloppua. Ensimmm\u00e4inen on jo t\u00e4n\u00e4 viikonloppuna, syysleiri Prediumissa 30.8.-2.9.2018. T\u00e4st\u00e4 on jo rummutettu Seuran sivuilla ja Facebookissa, p\u00e4hkin\u00e4nkuoressa: -m\u00f6kkimajoitus (iso m\u00f6kki 66 ja pikkum\u00f6kkej\u00e4) -sukellusvuorokausi 50 euroa, pelkk\u00e4 sukellusp\u00e4iv\u00e4 35 [&hellip;]<\/p>\n","protected":false},"author":1,"featured_media":47682,"comment_status":"closed","ping_status":"closed","sticky":false,"template":"","format":"standard","meta":{"_jetpack_memberships_contains_paid_content":false,"footnotes":""},"categories":[16],"tags":[],"class_list":["post-1418","post","type-post","status-publish","format-standard","has-post-thumbnail","hentry","category-kerhokirjeet"],"jetpack_featured_media_url":"https:\/\/i0.wp.com\/finnairinsukeltajat.fi\/wp-content\/uploads\/2018\/08\/pexels-photo-1924867.jpeg?fit=1734%2C1300","jetpack_sharing_enabled":true,"_links":{"self":[{"href":"http:\/\/finnairinsukeltajat.fi\/index.php?rest_route=\/wp\/v2\/posts\/1418","targetHints":{"allow":["GET"]}}],"collection":[{"href":"http:\/\/finnairinsukeltajat.fi\/index.php?rest_route=\/wp\/v2\/posts"}],"about":[{"href":"http:\/\/finnairinsukeltajat.fi\/index.php?rest_route=\/wp\/v2\/types\/post"}],"author":[{"embeddable":true,"href":"http:\/\/finnairinsukeltajat.fi\/index.php?rest_route=\/wp\/v2\/users\/1"}],"replies":[{"embeddable":true,"href":"http:\/\/finnairinsukeltajat.fi\/index.php?rest_route=%2Fwp%2Fv2%2Fcomments&post=1418"}],"version-history":[{"count":5,"href":"http:\/\/finnairinsukeltajat.fi\/index.php?rest_route=\/wp\/v2\/posts\/1418\/revisions"}],"predecessor-version":[{"id":47683,"href":"http:\/\/finnairinsukeltajat.fi\/index.php?rest_route=\/wp\/v2\/posts\/1418\/revisions\/47683"}],"wp:featuredmedia":[{"embeddable":true,"href":"http:\/\/finnairinsukeltajat.fi\/index.php?rest_route=\/wp\/v2\/media\/47682"}],"wp:attachment":[{"href":"http:\/\/finnairinsukeltajat.fi\/index.php?rest_route=%2Fwp%2Fv2%2Fmedia&parent=1418"}],"wp:term":[{"taxonomy":"category","embeddable":true,"href":"http:\/\/finnairinsukeltajat.fi\/index.php?rest_route=%2Fwp%2Fv2%2Fcategories&post=1418"},{"taxonomy":"post_tag","embeddable":true,"href":"http:\/\/finnairinsukeltajat.fi\/index.php?rest_route=%2Fwp%2Fv2%2Ftags&post=1418"}],"curies":[{"name":"wp","href":"https:\/\/api.w.org\/{rel}","templated":true}]}}