{"id":1443,"date":"2018-10-29T10:29:14","date_gmt":"2018-10-29T08:29:14","guid":{"rendered":"http:\/\/finnairinsukeltajat.fi\/?p=1443"},"modified":"2020-11-02T08:37:51","modified_gmt":"2020-11-02T06:37:51","slug":"sihteerin-lokakirje-2018","status":"publish","type":"post","link":"http:\/\/finnairinsukeltajat.fi\/?p=1443","title":{"rendered":"Sihteerin Lokakirje 2018"},"content":{"rendered":"<p><strong>Hello Finnairin Sukeltaja!<\/strong><\/p>\n<p>Suomi on j\u00e4lleen palannut normaaliaikaan. Synkronoi kellosi ja l\u00e4hde<br \/>\nmukaan syysrientoihimme!<\/p>\n<p><strong>Diversnight ensi viikonloppuna!<\/strong><br \/>\nOlen juuri rekister\u00f6inyt&nbsp;<a href=\"http:\/\/www.diversnight.com\/\" target=\"_blank\" rel=\"noopener noreferrer\" data-saferedirecturl=\"https:\/\/www.google.com\/url?q=http:\/\/www.diversnight.com&amp;source=gmail&amp;ust=1540887044337000&amp;usg=AFQjCNFd40hH0GLON4QI5S_cj3klogBXtw\">www.diversnight.com<\/a>&nbsp;-sivustolle Finnairin<br \/>\nSukeltajat ry:n ja Merisukeltajat ry:n yhteisen sukellustapahtuman.<br \/>\nIdea on saada marraskuun ensimm\u00e4isen\u00e4 lauantaina mahdollisimman monta<br \/>\nsukeltajaa veden alle vuosiluvun mukaisena kellonaikana. T\u00e4n\u00e4 vuonna<br \/>\nsiis <strong>3.11.2018 klo 20:18<\/strong>.<br \/>\nViime vuoden tapaan olemme varanneet Uutelan K\u00e4mp\u00e4n. Kyseess\u00e4 on<br \/>\naurinkos\u00e4hk\u00f6istetty puul\u00e4mmitteinen m\u00f6kki ja puilla l\u00e4mpi\u00e4v\u00e4<br \/>\nrantasauna kapean ja mutkaisen tien p\u00e4\u00e4ss\u00e4.<\/p>\n<p>Saunan l\u00e4mmitt\u00e4minen aloitetaan jo klo 16 kieppeill\u00e4, samaan aikaan<br \/>\nsytytell\u00e4\u00e4n nuotio tai kaksi. Tervetuloa paikalle osoitteeseen<br \/>\n<strong>Uutelantie 32, 00990 Helsinki<\/strong>. Mukaan sukekamat jos sukellat,<br \/>\nsaunomisvarusteet jos saunot, taskulamppu, tai muuta valoa, ev\u00e4st\u00e4<br \/>\nitselle tai kaikille.<br \/>\nSeurat tarjoavat makkarat ja limsat joten ilmoittaudu minulle jos<br \/>\nhaluat seuran ev\u00e4st\u00e4.<br \/>\nVeden alle laitetaan valmiiksi line, jota seuraten on sukellettavissa<br \/>\nn 15 minuutin lenkki, riippuen siit\u00e4 kauanko tuhraat teht\u00e4v\u00e4rasteilla? vai sukellatko rastin ohi, kun muut tuhertavat&#8230;.<br \/>\nViimeiset polttopuut heitet\u00e4\u00e4n saunan kiukaan alle tasan klo 23:59.<\/p>\n<p><a href=\"mailto:sihteeri@finnairinsukeltajat.fi\" target=\"_blank\" rel=\"noopener noreferrer\">sihteeri@finnairinsukeltajat.f<wbr>i<\/a>&nbsp;vastaa kysymyksiin ja ottaa vastaan<br \/>\nilmoittautumisia, voit my\u00f6s tekstata tai whatsappata 041-5287897<\/p>\n<p><strong>Loskaleiri 2018<\/strong><br \/>\nIs\u00e4np\u00e4iv\u00e4n perinteisesti pilannut Loskaleiri Prediumissa j\u00e4rjestet\u00e4\u00e4n<br \/>\nt\u00e4n\u00e4 vuonna ei-is\u00e4np\u00e4iv\u00e4n\u00e4 <strong>16.-18.11.2018<\/strong>. Olemme varanneet kaksi m\u00f6kki\u00e4. Veneit\u00e4 tuodaan yksi tai kaksi.<br \/>\nMajoitus omin petivaattein tai makuupussissa. Ruokailu omin ev\u00e4in tai<br \/>\nVilla Kosth\u00e5llissa. Leirihinnat: <strong>50 euroa<\/strong> majoitus- ja<br \/>\nsukellusvuorokausi, <strong>35 euroa<\/strong> pelkk\u00e4 sukellus, <strong>20 euroa<\/strong> pelkk\u00e4 majoitus.<br \/>\nLeirille tullaan t\u00e4ysin pulloin, seura tuo pienen bensak\u00e4ytt\u00f6isen<br \/>\nkompressorin v\u00e4lit\u00e4ytt\u00f6j\u00e4 varten.<br \/>\nIlmoittautumiset&nbsp;<a href=\"mailto:jouko.riikonen@finnair.fi\" target=\"_blank\" rel=\"noopener noreferrer\">jouko.riikonen@finnair.fi<\/a>.<\/p>\n<p><strong>Pikkujoulut<\/strong> j\u00e4rjestet\u00e4\u00e4n perinteisin menoin <strong>Kappelin Kellarissa&nbsp;&nbsp;<\/strong><br \/>\n<strong>5.12.2018<\/strong>. T\u00e4st\u00e4 tulee kutsu aivan l\u00e4hiaikoina. <strong>Seuramme on nyt 45&nbsp;&nbsp;<\/strong><br \/>\n<strong>vuotias, juhlijoille on ehk\u00e4 luvassa jotain ekstraa&#8230;<\/strong><\/p>\n<p><strong>Vastuuhenkil\u00f6t 2019<\/strong>: Viime keskiviikkona Finnairin Sukeltajat Ry:n<br \/>\ns\u00e4\u00e4nt\u00f6m\u00e4\u00e4r\u00e4inen vuosikokous valitsi seuran puheenjohtajaksi vuodelle<br \/>\n2019 Heikki Kotirannan.<br \/>\nVuoden 2019 hallituksen j\u00e4senet ovat Timo Lammi, Jouko Riikonen, Panu<br \/>\nLammi, Timo M\u00e4kinen ja&nbsp; uudet r\u00e4pyl\u00e4t hallituksen sammakkolampeen<br \/>\ntuova Juha Varis.<\/p>\n<p>Lauantaina Cicilia II nostettiin talviteloille Sarvaston venekerhon<br \/>\ntelakka-aitaukseen.<br \/>\nLaudoista, vanerista, ruuveista ja pressusta koostuva talvisuoja<br \/>\nrakennetaan my\u00f6hemmin&#8230;<br \/>\n<strong>Tarkkaile&nbsp; netti, FB yms sivuja!<\/strong><\/p>\n<p>N\u00e4hd\u00e4\u00e4n kun tavataan,&nbsp; terveisin M\u00e4kk\u00e4ri<\/p>\n","protected":false},"excerpt":{"rendered":"<p>Hello Finnairin Sukeltaja! Suomi on j\u00e4lleen palannut normaaliaikaan. Synkronoi kellosi ja l\u00e4hde mukaan syysrientoihimme! Diversnight ensi viikonloppuna! Olen juuri rekister\u00f6inyt&nbsp;www.diversnight.com&nbsp;-sivustolle Finnairin Sukeltajat ry:n ja Merisukeltajat ry:n yhteisen sukellustapahtuman. Idea on saada marraskuun ensimm\u00e4isen\u00e4 lauantaina mahdollisimman monta sukeltajaa veden alle vuosiluvun mukaisena kellonaikana. T\u00e4n\u00e4 vuonna siis 3.11.2018 klo 20:18. Viime vuoden [&hellip;]<\/p>\n","protected":false},"author":1,"featured_media":47677,"comment_status":"closed","ping_status":"closed","sticky":false,"template":"","format":"standard","meta":{"_jetpack_memberships_contains_paid_content":false,"footnotes":""},"categories":[16],"tags":[],"class_list":["post-1443","post","type-post","status-publish","format-standard","has-post-thumbnail","hentry","category-kerhokirjeet"],"jetpack_featured_media_url":"https:\/\/i0.wp.com\/finnairinsukeltajat.fi\/wp-content\/uploads\/2018\/10\/pexels-photo-3150553.jpeg?fit=1880%2C1253","jetpack_sharing_enabled":true,"_links":{"self":[{"href":"http:\/\/finnairinsukeltajat.fi\/index.php?rest_route=\/wp\/v2\/posts\/1443","targetHints":{"allow":["GET"]}}],"collection":[{"href":"http:\/\/finnairinsukeltajat.fi\/index.php?rest_route=\/wp\/v2\/posts"}],"about":[{"href":"http:\/\/finnairinsukeltajat.fi\/index.php?rest_route=\/wp\/v2\/types\/post"}],"author":[{"embeddable":true,"href":"http:\/\/finnairinsukeltajat.fi\/index.php?rest_route=\/wp\/v2\/users\/1"}],"replies":[{"embeddable":true,"href":"http:\/\/finnairinsukeltajat.fi\/index.php?rest_route=%2Fwp%2Fv2%2Fcomments&post=1443"}],"version-history":[{"count":2,"href":"http:\/\/finnairinsukeltajat.fi\/index.php?rest_route=\/wp\/v2\/posts\/1443\/revisions"}],"predecessor-version":[{"id":47678,"href":"http:\/\/finnairinsukeltajat.fi\/index.php?rest_route=\/wp\/v2\/posts\/1443\/revisions\/47678"}],"wp:featuredmedia":[{"embeddable":true,"href":"http:\/\/finnairinsukeltajat.fi\/index.php?rest_route=\/wp\/v2\/media\/47677"}],"wp:attachment":[{"href":"http:\/\/finnairinsukeltajat.fi\/index.php?rest_route=%2Fwp%2Fv2%2Fmedia&parent=1443"}],"wp:term":[{"taxonomy":"category","embeddable":true,"href":"http:\/\/finnairinsukeltajat.fi\/index.php?rest_route=%2Fwp%2Fv2%2Fcategories&post=1443"},{"taxonomy":"post_tag","embeddable":true,"href":"http:\/\/finnairinsukeltajat.fi\/index.php?rest_route=%2Fwp%2Fv2%2Ftags&post=1443"}],"curies":[{"name":"wp","href":"https:\/\/api.w.org\/{rel}","templated":true}]}}