{"id":1473,"date":"2019-01-20T10:43:24","date_gmt":"2019-01-20T08:43:24","guid":{"rendered":"http:\/\/finnairinsukeltajat.fi\/?p=1473"},"modified":"2020-11-02T08:33:53","modified_gmt":"2020-11-02T06:33:53","slug":"kerhokirje-kevat-2019","status":"publish","type":"post","link":"http:\/\/finnairinsukeltajat.fi\/?p=1473","title":{"rendered":"Kerhokirje kev\u00e4t 2019"},"content":{"rendered":"<p><strong>Tervehdys Finnairinsukeltaja!<\/strong><\/p>\n<p>Kuninkaallisen sukellusseuramme nelj\u00e4skymmeneskuudes toimintavuosi<br \/>\nl\u00e4htee k\u00e4yntiin.<\/p>\n<p>Ensimm\u00e4inen seuran j\u00e4rjest\u00e4m\u00e4 <strong>sukellustapahtuma<\/strong> on jo <strong>9.2.2019<\/strong> .<br \/>\nTervetuloa&nbsp; ulkoilup\u00e4iv\u00e4n merkeiss\u00e4 Uutelan k\u00e4mp\u00e4lle klo 12:00 alkaen.<br \/>\nSauna l\u00e4mmitet\u00e4\u00e4n sukeltajille, uimareille ja ulkoilijoille. Avannot<br \/>\nsahataan mik\u00e4li on j\u00e4\u00e4t\u00e4.<br \/>\nT\u00e4m\u00e4 j\u00e4\u00e4nee viimeiseksi Uutelan talvip\u00e4iv\u00e4ksi, Helsingin kaupunki on<br \/>\np\u00e4\u00e4tt\u00e4nyt lopettaa k\u00e4mp\u00e4n<br \/>\nja saunan talvivuokrauksen. Lis\u00e4tiedot talvip\u00e4iv\u00e4st\u00e4 puuhamiehelt\u00e4:<br \/>\n<a href=\"mailto:varis.juha@elisanet.fi\" target=\"_blank\" rel=\"noopener noreferrer\">varis.juha@elisanet.fi<\/a>&nbsp;.<br \/>\nJos sinulla on tieto vastaavasta paikasta, l\u00e4het\u00e4 vinkki minulle niin<br \/>\nkysyt\u00e4\u00e4n seuraaviin rientoihin.<\/p>\n<p>Maanantaina <strong>25.2.2019<\/strong> pidet\u00e4\u00e4n <strong>seuran vuosikokous<\/strong>.<br \/>\nKlo 18:00 Finnair Flight Academy, Pyht\u00e4\u00e4nkorventie 11-13, Vantaa.<br \/>\nTervetuloa kuulemaan selvitys viime vuoden toiminnastamme.<br \/>\n<strong>Ilmoittautuminen on toivottavaa<\/strong> kahvin &amp; purtavan m\u00e4\u00e4r\u00e4n arvioimiseksi<br \/>\n<a href=\"mailto:sihteeri@finnairinsukeltajat.fi\" target=\"_blank\" rel=\"noopener noreferrer\">sihteeri@finnairinsukeltajat.f<wbr>i<\/a><\/p>\n<p>Tiistaina <strong>26.2.2019<\/strong> k\u00e4ynnistyy <strong>P1 kurssi<\/strong>. Oppitunnit pidet\u00e4\u00e4n<br \/>\nFinnairin HOTT kiinteist\u00f6ss\u00e4<br \/>\nTietotie 9, Vantaa. Suuri osa teoriaopinnoista suoritetaan<br \/>\ne-learningina vaikka kotisohvalla. K\u00e4yt\u00e4nn\u00f6n harjoituksia ei viel\u00e4 voi<br \/>\ntehd\u00e4 et\u00e4n\u00e4 kotona, vaan perjantai-iltaisin Urheiluhallit Oy:n<br \/>\nuimahallissa Helsinginkatu 25, Helsinki. Kurssin hinta on <strong>390 euroa<\/strong>.<br \/>\n<strong>Ilmoittautumiset<\/strong>&nbsp;<a href=\"mailto:timo.lammi@finnair.fi\" target=\"_blank\" rel=\"noopener noreferrer\">timo.lammi@finnair.fi<\/a>. Kurssille hyv\u00e4ksyt\u00e4\u00e4n my\u00f6s<br \/>\nFinnair konsernin ulkopuolisia oppilaita.<\/p>\n<p><strong>Talvileiri j\u00e4rjestet\u00e4\u00e4n 2.3.- 3.3.2019<\/strong> Prediumissa. M\u00f6kkimajoitus omin<br \/>\nev\u00e4in ja petivaattein.<br \/>\nPaikalle voi toki tulla vain p\u00e4iv\u00e4selt\u00e4\u00e4n. Tarkoitus on sahata avanto<br \/>\nAntoniolle, ehk\u00e4p\u00e4 my\u00f6s Pyh\u00e4maalle, jos j\u00e4\u00e4tilanne sen sallii.<br \/>\nMajoitus <strong>20 euroa<\/strong> per y\u00f6, <strong>30 euroa<\/strong> koko viikonloppu.<br \/>\n<strong>Ilmoittautumiset<\/strong>&nbsp;<a href=\"mailto:jouko.riikonen@finnair.fi\" target=\"_blank\" rel=\"noopener noreferrer\">jouko.riikonen@finnair.fi<\/a>&nbsp;.<\/p>\n<p>Ja aivan n\u00e4in\u00e4 p\u00e4ivin\u00e4 minun valitettava velvollisuuteni on l\u00e4hett\u00e4\u00e4<br \/>\n<strong>j\u00e4senmaksulasku<\/strong> jokaiselle&nbsp; j\u00e4senellemme. Seuran syysvuosikokous<br \/>\np\u00e4\u00e4tti, ett\u00e4 Finnairin Sukeltajat Ry:n vuosimaksua ei koroteta, vaan<br \/>\nse on my\u00f6s 2019 kohtuullinen <strong>38 euroa<\/strong> ja Sukeltajaliiton vuosimaksu on<br \/>\n27 euroa.<br \/>\nLiitto veloittaa meilt\u00e4 vuosimaksunsa jo 15.2.2019, joten laskuni<br \/>\ner\u00e4p\u00e4iv\u00e4ksi tulee 8.2.2019.<\/p>\n<p>Seurassamme on 75 j\u00e4sent\u00e4. Omistamme Rib kumiveneen &amp; trailerin, 10<br \/>\nsukelluslaitepakettia, kaksi kompressoria, j\u00e4\u00e4sukellusvarusteita,<br \/>\nkerhotilan irtainta kalustetta,venetarvikkeita, varaosia, ty\u00f6kaluja,<br \/>\nsek\u00e4 sokerina pohjalla aivan kohta kaikki lainat maksettuna 8 metrisen<br \/>\nNaviga&nbsp; lasikuituveneen Cicilia II, jonka olemme muuttaneet<br \/>\nsukellusk\u00e4ytt\u00f6\u00f6n sopivaksi tukialukseksi.<\/p>\n<p>On selv\u00e4\u00e4, ett\u00e4 j\u00e4senmaksuilla (75 x 38 = 2850 euroa) ei kateta kaikkia<br \/>\ntoimintakuluja.<br \/>\nSiksi viime vuosina olemme tehneet tienvarsien puhdistusty\u00f6t\u00e4 Destia<br \/>\nOy.lle. Lis\u00e4ksi Finnairin Keskuskerho tukee kaikkia alakerhojaan<br \/>\nheille esitetyn toimintakertomuksen perusteella. Olemme pokanneet<br \/>\nkahtena per\u00e4kk\u00e4isen\u00e4 vuotena Finnairin aktiivisimman kerhon palkinnon.<br \/>\nJa sit\u00e4 aktiivisuuttahan meill\u00e4 on! Joitain mainitakseni: Talvip\u00e4iv\u00e4,<br \/>\nj\u00e4\u00e4leiri, kes\u00e4kauden avaus, kes\u00e4n v\u00e4hint\u00e4\u00e4n kaksikymment\u00e4<br \/>\nviikkosukellusta tiistaisin (ja\/tai torstaisin),<br \/>\nviikonloppu-sukellusretki\u00e4, rantasukelluksia esim. Melkutin,<br \/>\nkes\u00e4leiriviikko Merisukeltajat Ry:n siivell\u00e4, syysleiri, loskaleiri,<br \/>\nDiversnight sek\u00e4 noin 35 uimahallivuoroa talvella ja syksyll\u00e4. Lis\u00e4ksi<br \/>\njoka vuosi j\u00e4rjestet\u00e4\u00e4n laitesukelluksen peruskurssi P1, l\u00e4hes joka<br \/>\nvuosi P2, sek\u00e4 tarvittaessa P3.<br \/>\nSukellustapahtumien lis\u00e4ksi meill\u00e4 on talkoita Cicilia II:n sek\u00e4<br \/>\nkumivene Barbara III:n kunnossapidon ja talvis\u00e4ilytyksen tiimoilla<br \/>\nSarvaston venekerholla.<br \/>\nJos haluat sukeltaa hieman totisemmin, seurassamme vaikuttaa<br \/>\naktiivinen tekniikkasukellusjaos.<br \/>\nHaastavia kohteita, seoskaasuja ja seuran aktiivisinta sukellusta.<br \/>\n<a href=\"mailto:mika.vuorimaa@gmail.com\" target=\"_blank\" rel=\"noopener noreferrer\">mika.vuorimaa@gmail.com<\/a><\/p>\n<p>Seuran toiminnan suurimmat menoer\u00e4t ovat Cicilia II:n k\u00e4ytt\u00f6, huolto,<br \/>\ns\u00e4ilytys ja vakuutus.<br \/>\nToiseksi suurin menoer\u00e4 on Lahnatien kerhotilan vuokra ja vakuutus,<br \/>\nkolmantena ja nelj\u00e4nten\u00e4 tulevat sukellusvarusteiden ja kumiveneen<br \/>\nhuollot ja vakuutukset.<\/p>\n<p>T\u00e4m\u00e4n vuoden suurimpia haasteitamme on pari vuotta sitten ostetun<br \/>\nsukellusilmakompressorin t\u00e4ytt\u00f6paikan rakentaminen sellaiseksi, ett\u00e4<br \/>\nse t\u00e4ytt\u00e4\u00e4 TUKESin m\u00e4\u00e4r\u00e4ykset. Seura sai korjausm\u00e4\u00e4r\u00e4yksen Lahnatien<br \/>\nkerhotilamme kiinteist\u00f6n palotarkastuksessa. Heti kun saamme<br \/>\nt\u00e4ytt\u00f6aseman tarkastettua ja hyv\u00e4ksytetty\u00e4, voimme taas tarjota<br \/>\nj\u00e4senille paineilmaa ja Nitroxia ns. omakustannehintaan.<\/p>\n<p>Omasta ja Finnairin Sukeltajat Ry:n puolesta toivotan sinulle hyv\u00e4\u00e4<br \/>\nalkanutta sukellusvuotta 2019.<br \/>\nToivottavasti kohtaamme mahdollisimman monessa seuramme tilaisuudessa<br \/>\ntai tapahtumassa.<\/p>\n<p>Minulle tai muille hallituksen j\u00e4senille voit koska tahansa esitt\u00e4\u00e4<br \/>\ntoiveita ja ehdotuksia seuran toiminnan edelleen kehitt\u00e4misest\u00e4 ja<br \/>\nantaa vinkkej\u00e4 yhteisty\u00f6st\u00e4 muiden sukellusseurojen kanssa.<br \/>\nEhdotuksia voit esitt\u00e4\u00e4 my\u00f6s em. seuran <strong>vuosikokouksessa 25.2.2019<\/strong>.<\/p>\n<p>Tavataan my\u00f6s <strong>pikkujouluissa<\/strong>, huh meinasi unohtua, merkitse heti<br \/>\nkalenteriin <strong>5.12.2019<\/strong>!<br \/>\nPaikka selvi\u00e4\u00e4 my\u00f6hemmin, kun juhlapaikkojen v 2019 porttikieltolistat<br \/>\np\u00e4ivitet\u00e4\u00e4n.<\/p>\n<p>Terveisin, Sihteeri M\u00e4kk\u00e4ri.<\/p>\n<p>Liitteen\u00e4 <a href=\"http:\/\/finnairinsukeltajat.fi\/wp-content\/uploads\/2019\/01\/2019-kerhokirje-16012019-2.pdf\">kirje pdf versiona<\/a><\/p>\n","protected":false},"excerpt":{"rendered":"<p>Tervehdys Finnairinsukeltaja! Kuninkaallisen sukellusseuramme nelj\u00e4skymmeneskuudes toimintavuosi l\u00e4htee k\u00e4yntiin. Ensimm\u00e4inen seuran j\u00e4rjest\u00e4m\u00e4 sukellustapahtuma on jo 9.2.2019 . Tervetuloa&nbsp; ulkoilup\u00e4iv\u00e4n merkeiss\u00e4 Uutelan k\u00e4mp\u00e4lle klo 12:00 alkaen. Sauna l\u00e4mmitet\u00e4\u00e4n sukeltajille, uimareille ja ulkoilijoille. Avannot sahataan mik\u00e4li on j\u00e4\u00e4t\u00e4. T\u00e4m\u00e4 j\u00e4\u00e4nee viimeiseksi Uutelan talvip\u00e4iv\u00e4ksi, Helsingin kaupunki on p\u00e4\u00e4tt\u00e4nyt lopettaa k\u00e4mp\u00e4n ja saunan talvivuokrauksen. Lis\u00e4tiedot [&hellip;]<\/p>\n","protected":false},"author":1,"featured_media":47674,"comment_status":"closed","ping_status":"closed","sticky":false,"template":"","format":"standard","meta":{"_jetpack_memberships_contains_paid_content":false,"footnotes":""},"categories":[16],"tags":[],"class_list":["post-1473","post","type-post","status-publish","format-standard","has-post-thumbnail","hentry","category-kerhokirjeet"],"jetpack_featured_media_url":"https:\/\/i0.wp.com\/finnairinsukeltajat.fi\/wp-content\/uploads\/2019\/01\/daisy-flower-spring-marguerite-67857.jpeg?fit=1880%2C1259","jetpack_sharing_enabled":true,"_links":{"self":[{"href":"http:\/\/finnairinsukeltajat.fi\/index.php?rest_route=\/wp\/v2\/posts\/1473","targetHints":{"allow":["GET"]}}],"collection":[{"href":"http:\/\/finnairinsukeltajat.fi\/index.php?rest_route=\/wp\/v2\/posts"}],"about":[{"href":"http:\/\/finnairinsukeltajat.fi\/index.php?rest_route=\/wp\/v2\/types\/post"}],"author":[{"embeddable":true,"href":"http:\/\/finnairinsukeltajat.fi\/index.php?rest_route=\/wp\/v2\/users\/1"}],"replies":[{"embeddable":true,"href":"http:\/\/finnairinsukeltajat.fi\/index.php?rest_route=%2Fwp%2Fv2%2Fcomments&post=1473"}],"version-history":[{"count":5,"href":"http:\/\/finnairinsukeltajat.fi\/index.php?rest_route=\/wp\/v2\/posts\/1473\/revisions"}],"predecessor-version":[{"id":47675,"href":"http:\/\/finnairinsukeltajat.fi\/index.php?rest_route=\/wp\/v2\/posts\/1473\/revisions\/47675"}],"wp:featuredmedia":[{"embeddable":true,"href":"http:\/\/finnairinsukeltajat.fi\/index.php?rest_route=\/wp\/v2\/media\/47674"}],"wp:attachment":[{"href":"http:\/\/finnairinsukeltajat.fi\/index.php?rest_route=%2Fwp%2Fv2%2Fmedia&parent=1473"}],"wp:term":[{"taxonomy":"category","embeddable":true,"href":"http:\/\/finnairinsukeltajat.fi\/index.php?rest_route=%2Fwp%2Fv2%2Fcategories&post=1473"},{"taxonomy":"post_tag","embeddable":true,"href":"http:\/\/finnairinsukeltajat.fi\/index.php?rest_route=%2Fwp%2Fv2%2Ftags&post=1473"}],"curies":[{"name":"wp","href":"https:\/\/api.w.org\/{rel}","templated":true}]}}