{"id":47340,"date":"2020-08-20T21:02:00","date_gmt":"2020-08-20T18:02:00","guid":{"rendered":"http:\/\/finnairinsukeltajat.fi\/?p=47340"},"modified":"2020-11-02T08:32:32","modified_gmt":"2020-11-02T06:32:32","slug":"kerhokirje-syksy-2020","status":"publish","type":"post","link":"http:\/\/finnairinsukeltajat.fi\/?p=47340","title":{"rendered":"Kerhokirje syksy 2020"},"content":{"rendered":"\n<p><strong>Syysleiriin on en\u00e4\u00e4 pari viikkoa!<\/strong><\/p>\n\n\n\n<p>13.8.2020 Sihteerin syyskerhokirje<\/p>\n\n\n\n<p>Finnairin Sukeltajat on ajelehtinut aika-avaruudessa jo vuodesta 1973. T\u00e4rkeint\u00e4 ei ole ollut suunta ja p\u00e4\u00e4m\u00e4\u00e4r\u00e4, vaan liike eteenp\u00e4in ja pyrkimys vedenpinnan alle. Vuoden kierron orjina olemme pakoitettuja nostamaan kimpsut ja kampsut vedest\u00e4 aina talveksi.<\/p>\n\n\n\n<p>Mutta kev\u00e4t-kes\u00e4-syksy -akselilla sukellamme yhdess\u00e4 parin veneen tukemana, l\u00e4hinn\u00e4 Helsingin edustan hylkykohteilla.<\/p>\n\n\n\n<p>T\u00e4n\u00e4 kes\u00e4n\u00e4 meill\u00e4 on ollut kiitett\u00e4vsti sukeltajia viikkol\u00e4hd\u00f6ill\u00e4, pari kertaa olemme jopa joutuneet ostamaan toisen veneen kun kaikki<br>halukkaat eiv\u00e4t ole mahtuneet Ciciliaan. Toisaalta muutama tiistail\u00e4ht\u00f6 on jouduttu peruuttamaan kun emme ole saaneet minimim\u00e4\u00e4r\u00e4\u00e4 4 sukeltajaa.<\/p>\n\n\n\n<p>J\u00e4lleen kerran on avovesisukelluskausi edennyt vaiheeseen syksy. Cicilian viikkosukelluksia jatketaan viel\u00e4 elokuun tiistait ja sitten tehd\u00e4\u00e4n jotain satunnaisia viikonloppukeikkoja. Saatat ehk\u00e4 muistaakin minun varoitelleen, ett\u00e4 ennenkuin huomaatkaan, Cicilia nostetaan talvitelakalle Sarvastoon. Joku kertoi, ett\u00e4 Sarvastonlahti oli viime y\u00f6n\u00e4 jo v\u00e4h\u00e4n riitteess\u00e4\u2026<\/p>\n\n\n\n<p>Seuramme tiedotus on aika pitk\u00e4lle Fakebookin varassa. Nettisivuille on ostettu vihdoin tekij\u00e4 ja toivottavasti pian se on p\u00e4\u00e4asiallinen tiedotuskanavamme. Koska kaikki (mukaanlukien min\u00e4) eiv\u00e4t ole fakebookissa, t\u00e4ss\u00e4 pieni tietopl\u00e4j\u00e4ys syysleirist\u00e4mme varmuuden v\u00e4ltt\u00e4miseksi.<\/p>\n\n\n\n<p>T\u00e4m\u00e4n vuoden syysleiri pidet\u00e4\u00e4n viikon mittaisena su-su, koska kes\u00e4leiri peruuntui.<\/p>\n\n\n\n<p>Koska useilla Finnairilaisilla on lomautuksia jne, p\u00e4\u00e4timme nipist\u00e4\u00e4 leirihintoja viime vuodesta. Kalustona t\u00e4n\u00e4 vuona kerhon iso vene Cicilia, kumppari ja tarpeen mukaan muuta kalustoa.<\/p>\n\n\n\n<p>Leiri on perinteisesti Prediumissa ja alkaa jo sunnuntaina 30.8.<\/p>\n\n\n\n<p>Kohteet valitaan aina kelien ja porukan mukaan. L\u00e4ht\u00f6 merelle on aina klo 10:00, joten ole riitt\u00e4v\u00e4n ajoissa paikalla Prediumin rannassa, huoltoaseman laiturissa lastaamassa kamat autoista veneeseen.<\/p>\n\n\n\n<p>Ranta-alueella on parkkipaikkoja rajoitetusti, k\u00e4yt\u00e4nn\u00f6ss\u00e4 ei yht\u00e4\u00e4n, joten auton joutuu kamojen purkamisen j\u00e4lkeen siirt\u00e4m\u00e4\u00e4n n.500m p\u00e4\u00e4h\u00e4n tulosuunnassa oleville isoille hiekkaparkeille. (Hiekkaparkeilla suoritetaan my\u00f6s iltaisin pullojen t\u00e4ytt\u00e4miset). P\u00e4iv\u00e4ss\u00e4 tehd\u00e4\u00e4n kaksi keikkaa. Vain tarvittaessa k\u00e4yd\u00e4\u00e4n v\u00e4lill\u00e4 t\u00e4ytt\u00e4m\u00e4ss\u00e4 pulloja.<\/p>\n\n\n\n<p>T\u00e4n\u00e4 vuonna koulutamme kolme P2 sukeltajaa ja heid\u00e4n aikataulunsa mukaan tehd\u00e4\u00e4n viikon aikana y\u00f6- ja syv\u00e4sukelluksia. ( pyh\u00e4maa \/eggo\/pirtuhylky). N\u00e4ille keikoille p\u00e4\u00e4sev\u00e4t mukaan muutkin kuin kurssilaiset.<\/p>\n\n\n\n<p>Sunnuntaina 6.9. leiri p\u00e4\u00e4ttyy m\u00f6kkien osalta klo.15:00. Alustavasti iso vene l\u00e4htee la iltana pois ja merelle menn\u00e4\u00e4n n\u00e4ill\u00e4 n\u00e4kymin pienemmill\u00e4 veneill\u00e4, sitten kun m\u00f6kit on siivottu ja makuupussit sek\u00e4 tyhj\u00e4t t\u00f6lkit on siirretty autoihin.. Paikalla on bensak\u00e4ytt\u00f6inen kompura pullojen t\u00e4ytt\u00f6\u00e4 varten, mutta se on aika hidastuottoinen ,joten tuttuun tapaan leirille tullaan aina t\u00e4ysill\u00e4 pulloilla.<\/p>\n\n\n\n<p>Majoitus on hyvin varustetuissa m\u00f6keiss\u00e4. Mukaan tarvitset henkil\u00f6kohtaiset tarvikkeet, pyyhkeen ja makuupussi\/lakanat. M\u00f6keiss\u00e4 on sauna ja mereenkin p\u00e4\u00e4see uimaan hiekkarannalta.<\/p>\n\n\n\n<p>M\u00f6keiss\u00e4 on j\u00e4\u00e4kaapit ja pakastimet omille ev\u00e4ille. P\u00e4iv\u00e4n l\u00e4mmin ruokailu (haarukoin ja veitsin) on vuorossa iltap\u00e4iv\u00e4ll\u00e4\/illalla toisen sukelluksen j\u00e4lkeen. Voit loihtia ruokasi omista aineksista m\u00f6kin hella\/uuni\/mikro\/hiiligrilli avulla, tai menn\u00e4 valmiiseen p\u00f6yt\u00e4\u00e4n Villa Kosth\u00e5lliin Skogbyss\u00e4 alle 5 km p\u00e4\u00e4ss\u00e4 Prediiumista. Heill\u00e4 on leirimme ajan meille varatussa kabinetissa vaihtuvan menun my\u00f6h\u00e4inen lounas. Mit\u00e4\u00e4n osallistumispakkoa ei ole, ja heilt\u00e4 voit ostaa my\u00f6s ruokia ravintolan ruokalistalta (ps. B oikeudet).<\/p>\n\n\n\n<p>Aamupuuro ja kahvi m\u00f6kill\u00e4 sis\u00e4ltyv\u00e4t leirin hintaan.<\/p>\n\n\n\n<p>Kartta paikalle l\u00f6ytyy: <a href=\"https:\/\/www.facebook.com\/groups\/164452333610086\/files\/\">https:\/\/www.facebook.com\/groups\/164452333610086\/files\/<\/a> ja Predium. Siit\u00e4 l\u00f6ytyy m\u00f6kkien paikka, laituri mist\u00e4 l\u00e4hdet\u00e4\u00e4n merelle ja ruokapaikka.<\/p>\n\n\n\n<p>Leirin nipistetyt hinnat Finnairin Sukeltajille ja Merisukeltajille ovat:<\/p>\n\n\n\n<p>Kahden sukelluksen p\u00e4iv\u00e4 30 euroa , sukellus + majoitus 40 euroa, seurojen ulkopuolisille hinnat 35\/45e<br>Jos haluat tulla koko viikoksi, hinta on vain 200 euroa, 225 ei-seuralaisilta<br>Sieniretkel\u00e4isille ja ei-sukeltaville majoitushinta on 20 euroa\/vrk ,<br>koko viikko 100\u20ac, ei-j\u00e4senille 25\/125e<\/p>\n\n\n\n<p>Paikalle voi tulla my\u00f6s turistiksi. Veneiden kyytiin p\u00e4\u00e4see jos j\u00e4\u00e4 tilaa.<\/p>\n\n\n\n<p>Ilmoittautumiset <a href=\"mailto:jouko.riikonen@finnair.com\">jouko.riikonen@finnair.com<\/a><\/p>\n\n\n\n<p>Seuran toiminta ei t\u00e4ysin hyydy syksyll\u00e4. J\u00e4rjest\u00e4mme viikonlopun yli loskaleirin Prediumissa is\u00e4np\u00e4iv\u00e4n aikaan ja osallistumme diversnight y\u00f6sukellustapahtumaa halloweenlauantaina.<\/p>\n\n\n\n<p>Ja sokerina pohjalla, 5.12.2020 j\u00e4rjest\u00e4mme taas legendaariset pikkujoulubileet yhdess\u00e4 Merisukeltajat ry:n kanssa.<\/p>\n\n\n\n<p>N\u00e4ist\u00e4 tapahtumista tiedotamme fakebookissa ja ehk\u00e4p\u00e4 my\u00f6s sihteerin syyskirje 2.ssa.<\/p>\n\n\n\n<p>N\u00e4hd\u00e4\u00e4n Pinnan alla\u2026.ja pinnalla, Terveisin M\u00e4kk\u00e4ri<\/p>\n","protected":false},"excerpt":{"rendered":"<p>Syysleiriin on en\u00e4\u00e4 pari viikkoa! 13.8.2020 Sihteerin syyskerhokirje Finnairin Sukeltajat on ajelehtinut aika-avaruudessa jo vuodesta 1973. T\u00e4rkeint\u00e4 ei ole ollut suunta ja p\u00e4\u00e4m\u00e4\u00e4r\u00e4, vaan liike eteenp\u00e4in ja pyrkimys vedenpinnan alle. Vuoden kierron orjina olemme pakoitettuja nostamaan kimpsut ja kampsut vedest\u00e4 aina talveksi. Mutta kev\u00e4t-kes\u00e4-syksy -akselilla sukellamme yhdess\u00e4 parin veneen tukemana, [&hellip;]<\/p>\n","protected":false},"author":1,"featured_media":47673,"comment_status":"closed","ping_status":"closed","sticky":false,"template":"","format":"standard","meta":{"_jetpack_memberships_contains_paid_content":false,"footnotes":""},"categories":[16],"tags":[],"class_list":["post-47340","post","type-post","status-publish","format-standard","has-post-thumbnail","hentry","category-kerhokirjeet"],"jetpack_featured_media_url":"https:\/\/i0.wp.com\/finnairinsukeltajat.fi\/wp-content\/uploads\/2020\/08\/pexels-photo-3083250.jpeg?fit=867%2C1300","jetpack_sharing_enabled":true,"_links":{"self":[{"href":"http:\/\/finnairinsukeltajat.fi\/index.php?rest_route=\/wp\/v2\/posts\/47340","targetHints":{"allow":["GET"]}}],"collection":[{"href":"http:\/\/finnairinsukeltajat.fi\/index.php?rest_route=\/wp\/v2\/posts"}],"about":[{"href":"http:\/\/finnairinsukeltajat.fi\/index.php?rest_route=\/wp\/v2\/types\/post"}],"author":[{"embeddable":true,"href":"http:\/\/finnairinsukeltajat.fi\/index.php?rest_route=\/wp\/v2\/users\/1"}],"replies":[{"embeddable":true,"href":"http:\/\/finnairinsukeltajat.fi\/index.php?rest_route=%2Fwp%2Fv2%2Fcomments&post=47340"}],"version-history":[{"count":2,"href":"http:\/\/finnairinsukeltajat.fi\/index.php?rest_route=\/wp\/v2\/posts\/47340\/revisions"}],"predecessor-version":[{"id":47342,"href":"http:\/\/finnairinsukeltajat.fi\/index.php?rest_route=\/wp\/v2\/posts\/47340\/revisions\/47342"}],"wp:featuredmedia":[{"embeddable":true,"href":"http:\/\/finnairinsukeltajat.fi\/index.php?rest_route=\/wp\/v2\/media\/47673"}],"wp:attachment":[{"href":"http:\/\/finnairinsukeltajat.fi\/index.php?rest_route=%2Fwp%2Fv2%2Fmedia&parent=47340"}],"wp:term":[{"taxonomy":"category","embeddable":true,"href":"http:\/\/finnairinsukeltajat.fi\/index.php?rest_route=%2Fwp%2Fv2%2Fcategories&post=47340"},{"taxonomy":"post_tag","embeddable":true,"href":"http:\/\/finnairinsukeltajat.fi\/index.php?rest_route=%2Fwp%2Fv2%2Ftags&post=47340"}],"curies":[{"name":"wp","href":"https:\/\/api.w.org\/{rel}","templated":true}]}}