{"id":48096,"date":"2010-03-07T17:21:00","date_gmt":"2010-03-07T15:21:00","guid":{"rendered":"http:\/\/finnairinsukeltajat.fi\/?p=48096"},"modified":"2020-11-21T17:27:11","modified_gmt":"2020-11-21T15:27:11","slug":"jaaleiri-2010","status":"publish","type":"post","link":"http:\/\/finnairinsukeltajat.fi\/?p=48096","title":{"rendered":"J\u00e4\u00e4leiri 2010"},"content":{"rendered":"<p>T\u00e4m\u00e4n vuoden talvileirin erikoisuutena oli ilmatyynyalus. Semerin Esa oli tuonut sen ja p\u00e4\u00e4simme kyytiin ja osa jopa kokeilemaan sen ajoa. Oli aika hieno kokemus.<\/p>\n<p>Niin, laitehan oli tuotu vain meid\u00e4n kamojen kuskaamista varten&#8230;<\/p>\n<p>Kelit olivat j\u00e4lleen mainiot. Ilma miinuksen puolella ja aurinko paistoi. Eli rinteet suli mutta j\u00e4\u00e4 kantoi. Sukelluksissa vesi olikin sitten +1C.<\/p>\n<p>Alla pari kuvaa lis\u00e4\u00e4.<\/p>\n\n\n<div class=\"wp-block-jetpack-slideshow aligncenter\" data-effect=\"slide\"><div class=\"wp-block-jetpack-slideshow_container swiper-container\"><ul class=\"wp-block-jetpack-slideshow_swiper-wrapper swiper-wrapper\"><li class=\"wp-block-jetpack-slideshow_slide swiper-slide\"><figure><img data-recalc-dims=\"1\" loading=\"lazy\" decoding=\"async\" width=\"750\" height=\"563\" alt=\"\" class=\"wp-block-jetpack-slideshow_image wp-image-48103\" data-id=\"48103\" src=\"https:\/\/i0.wp.com\/finnairinsukeltajat.fi\/wp-content\/uploads\/2020\/11\/Esa_Mia_ja_Primadonna.jpg?resize=750%2C563\" srcset=\"https:\/\/i0.wp.com\/finnairinsukeltajat.fi\/wp-content\/uploads\/2020\/11\/Esa_Mia_ja_Primadonna.jpg?w=1037 1037w, https:\/\/i0.wp.com\/finnairinsukeltajat.fi\/wp-content\/uploads\/2020\/11\/Esa_Mia_ja_Primadonna.jpg?resize=300%2C225 300w, https:\/\/i0.wp.com\/finnairinsukeltajat.fi\/wp-content\/uploads\/2020\/11\/Esa_Mia_ja_Primadonna.jpg?resize=1024%2C768 1024w\" sizes=\"(max-width: 750px) 100vw, 750px\" \/><figcaption class=\"wp-block-jetpack-slideshow_caption gallery-caption\">Ilmatyynyalus<\/figcaption><\/figure><\/li><li class=\"wp-block-jetpack-slideshow_slide swiper-slide\"><figure><img data-recalc-dims=\"1\" loading=\"lazy\" decoding=\"async\" width=\"750\" height=\"563\" alt=\"\" class=\"wp-block-jetpack-slideshow_image wp-image-48102\" data-id=\"48102\" src=\"https:\/\/i0.wp.com\/finnairinsukeltajat.fi\/wp-content\/uploads\/2020\/11\/Ilmatyyny_vauhdissa.jpg?resize=750%2C563\" srcset=\"https:\/\/i0.wp.com\/finnairinsukeltajat.fi\/wp-content\/uploads\/2020\/11\/Ilmatyyny_vauhdissa.jpg?w=912 912w, https:\/\/i0.wp.com\/finnairinsukeltajat.fi\/wp-content\/uploads\/2020\/11\/Ilmatyyny_vauhdissa.jpg?resize=300%2C225 300w\" sizes=\"(max-width: 750px) 100vw, 750px\" \/><figcaption class=\"wp-block-jetpack-slideshow_caption gallery-caption\">Menoksi<\/figcaption><\/figure><\/li><li class=\"wp-block-jetpack-slideshow_slide swiper-slide\"><figure><img data-recalc-dims=\"1\" loading=\"lazy\" decoding=\"async\" width=\"750\" height=\"563\" alt=\"\" class=\"wp-block-jetpack-slideshow_image wp-image-48101\" data-id=\"48101\" src=\"https:\/\/i0.wp.com\/finnairinsukeltajat.fi\/wp-content\/uploads\/2020\/11\/valmistelua.jpg?resize=750%2C563\" srcset=\"https:\/\/i0.wp.com\/finnairinsukeltajat.fi\/wp-content\/uploads\/2020\/11\/valmistelua.jpg?w=912 912w, https:\/\/i0.wp.com\/finnairinsukeltajat.fi\/wp-content\/uploads\/2020\/11\/valmistelua.jpg?resize=300%2C225 300w\" sizes=\"(max-width: 750px) 100vw, 750px\" \/><figcaption class=\"wp-block-jetpack-slideshow_caption gallery-caption\">Kuskin vaihtoa<\/figcaption><\/figure><\/li><li class=\"wp-block-jetpack-slideshow_slide swiper-slide\"><figure><img data-recalc-dims=\"1\" loading=\"lazy\" decoding=\"async\" width=\"750\" height=\"563\" alt=\"\" class=\"wp-block-jetpack-slideshow_image wp-image-48100\" data-id=\"48100\" src=\"https:\/\/i0.wp.com\/finnairinsukeltajat.fi\/wp-content\/uploads\/2020\/11\/Avannolla.jpg?resize=750%2C563\" srcset=\"https:\/\/i0.wp.com\/finnairinsukeltajat.fi\/wp-content\/uploads\/2020\/11\/Avannolla.jpg?w=876 876w, https:\/\/i0.wp.com\/finnairinsukeltajat.fi\/wp-content\/uploads\/2020\/11\/Avannolla.jpg?resize=300%2C225 300w\" sizes=\"(max-width: 750px) 100vw, 750px\" \/><figcaption class=\"wp-block-jetpack-slideshow_caption gallery-caption\">Voisiko keli olla en\u00e4\u00e4n parempi????<\/figcaption><\/figure><\/li><\/ul><a class=\"wp-block-jetpack-slideshow_button-prev swiper-button-prev swiper-button-white\" role=\"button\"><\/a><a class=\"wp-block-jetpack-slideshow_button-next swiper-button-next swiper-button-white\" role=\"button\"><\/a><a aria-label=\"Pause Slideshow\" class=\"wp-block-jetpack-slideshow_button-pause\" role=\"button\"><\/a><div class=\"wp-block-jetpack-slideshow_pagination swiper-pagination swiper-pagination-white\"><\/div><\/div><\/div>\n","protected":false},"excerpt":{"rendered":"<p>T\u00e4m\u00e4n vuoden talvileirin erikoisuutena oli ilmatyynyalus. Semerin Esa oli tuonut sen ja p\u00e4\u00e4simme kyytiin ja osa jopa kokeilemaan sen ajoa. Oli aika hieno kokemus. Niin, laitehan oli tuotu vain meid\u00e4n kamojen kuskaamista varten&#8230; Kelit olivat j\u00e4lleen mainiot. Ilma miinuksen puolella ja aurinko paistoi. Eli rinteet suli mutta j\u00e4\u00e4 kantoi. Sukelluksissa [&hellip;]<\/p>\n","protected":false},"author":1,"featured_media":48103,"comment_status":"closed","ping_status":"closed","sticky":false,"template":"","format":"standard","meta":{"_jetpack_memberships_contains_paid_content":false,"footnotes":""},"categories":[19],"tags":[],"class_list":["post-48096","post","type-post","status-publish","format-standard","has-post-thumbnail","hentry","category-leirit"],"jetpack_featured_media_url":"https:\/\/i0.wp.com\/finnairinsukeltajat.fi\/wp-content\/uploads\/2020\/11\/Esa_Mia_ja_Primadonna.jpg?fit=1037%2C778","jetpack_sharing_enabled":true,"_links":{"self":[{"href":"http:\/\/finnairinsukeltajat.fi\/index.php?rest_route=\/wp\/v2\/posts\/48096","targetHints":{"allow":["GET"]}}],"collection":[{"href":"http:\/\/finnairinsukeltajat.fi\/index.php?rest_route=\/wp\/v2\/posts"}],"about":[{"href":"http:\/\/finnairinsukeltajat.fi\/index.php?rest_route=\/wp\/v2\/types\/post"}],"author":[{"embeddable":true,"href":"http:\/\/finnairinsukeltajat.fi\/index.php?rest_route=\/wp\/v2\/users\/1"}],"replies":[{"embeddable":true,"href":"http:\/\/finnairinsukeltajat.fi\/index.php?rest_route=%2Fwp%2Fv2%2Fcomments&post=48096"}],"version-history":[{"count":3,"href":"http:\/\/finnairinsukeltajat.fi\/index.php?rest_route=\/wp\/v2\/posts\/48096\/revisions"}],"predecessor-version":[{"id":48104,"href":"http:\/\/finnairinsukeltajat.fi\/index.php?rest_route=\/wp\/v2\/posts\/48096\/revisions\/48104"}],"wp:featuredmedia":[{"embeddable":true,"href":"http:\/\/finnairinsukeltajat.fi\/index.php?rest_route=\/wp\/v2\/media\/48103"}],"wp:attachment":[{"href":"http:\/\/finnairinsukeltajat.fi\/index.php?rest_route=%2Fwp%2Fv2%2Fmedia&parent=48096"}],"wp:term":[{"taxonomy":"category","embeddable":true,"href":"http:\/\/finnairinsukeltajat.fi\/index.php?rest_route=%2Fwp%2Fv2%2Fcategories&post=48096"},{"taxonomy":"post_tag","embeddable":true,"href":"http:\/\/finnairinsukeltajat.fi\/index.php?rest_route=%2Fwp%2Fv2%2Ftags&post=48096"}],"curies":[{"name":"wp","href":"https:\/\/api.w.org\/{rel}","templated":true}]}}