{"id":48105,"date":"2011-03-07T17:27:52","date_gmt":"2011-03-07T15:27:52","guid":{"rendered":"http:\/\/finnairinsukeltajat.fi\/?p=48105"},"modified":"2020-11-21T17:34:07","modified_gmt":"2020-11-21T15:34:07","slug":"jaaleiri-2011","status":"publish","type":"post","link":"http:\/\/finnairinsukeltajat.fi\/?p=48105","title":{"rendered":"J\u00e4\u00e4leiri 2011"},"content":{"rendered":"<p>T\u00e4n\u00e4 vuonna ensimm\u00e4iset tulivat jo keskiviikko iltana. Paikalle saapuikin kolme henke\u00e4. Avantotilanne k\u00e4ytiin tarkistamassa my\u00f6s. Ainakin kolmessa kohtaa ollut avanto, yksi kumminkin ylitse muiden.<\/p>\n<p>Alla olevan kuvan avanto avataan varmaankin huomenna ja viimeist\u00e4\u00e4n perjantaina ekat menee sinne. Lauantaina pit\u00e4\u00e4 sitten olla ajoissa liikkeell\u00e4, jottei tarvi tehd\u00e4 uutta avantoa.<\/p>\n<p>Lunta ei paljoakaan j\u00e4\u00e4n p\u00e4\u00e4ll\u00e4, koska sohjo lumen alla my\u00f6s j\u00e4\u00e4tynyt. T\u00e4n\u00e4\u00e4n keli l\u00e4hes tuuleton, mutta huomiseksi luvattu n.10 metri\u00e4.<\/p>\n<p><\/p>\n\n\n<div class=\"wp-block-jetpack-slideshow aligncenter\" data-effect=\"slide\"><div class=\"wp-block-jetpack-slideshow_container swiper-container\"><ul class=\"wp-block-jetpack-slideshow_swiper-wrapper swiper-wrapper\"><li class=\"wp-block-jetpack-slideshow_slide swiper-slide\"><figure><img data-recalc-dims=\"1\" loading=\"lazy\" decoding=\"async\" width=\"750\" height=\"421\" alt=\"\" class=\"wp-block-jetpack-slideshow_image wp-image-48115\" data-id=\"48115\" src=\"https:\/\/i0.wp.com\/finnairinsukeltajat.fi\/wp-content\/uploads\/2020\/11\/avanto1-1.jpg?resize=750%2C421\" srcset=\"https:\/\/i0.wp.com\/finnairinsukeltajat.fi\/wp-content\/uploads\/2020\/11\/avanto1-1.jpg?w=979 979w, https:\/\/i0.wp.com\/finnairinsukeltajat.fi\/wp-content\/uploads\/2020\/11\/avanto1-1.jpg?resize=300%2C169 300w\" sizes=\"(max-width: 750px) 100vw, 750px\" \/><figcaption class=\"wp-block-jetpack-slideshow_caption gallery-caption\">Auringonlaskunk\u00e4vely tarkistamaan Antonion avantotilanne<\/figcaption><\/figure><\/li><li class=\"wp-block-jetpack-slideshow_slide swiper-slide\"><figure><img data-recalc-dims=\"1\" loading=\"lazy\" decoding=\"async\" width=\"750\" height=\"421\" alt=\"\" class=\"wp-block-jetpack-slideshow_image wp-image-48114\" data-id=\"48114\" src=\"https:\/\/i0.wp.com\/finnairinsukeltajat.fi\/wp-content\/uploads\/2020\/11\/avanto2-1.jpg?resize=750%2C421\" srcset=\"https:\/\/i0.wp.com\/finnairinsukeltajat.fi\/wp-content\/uploads\/2020\/11\/avanto2-1.jpg?w=979 979w, https:\/\/i0.wp.com\/finnairinsukeltajat.fi\/wp-content\/uploads\/2020\/11\/avanto2-1.jpg?resize=300%2C169 300w\" sizes=\"(max-width: 750px) 100vw, 750px\" \/><figcaption class=\"wp-block-jetpack-slideshow_caption gallery-caption\">T\u00e4st\u00e4 menn\u00e4\u00e4n. Avanto helppo avata. Avannon ymp\u00e4rill\u00e4 my\u00f6s keh\u00e4 josta toivottavasti tulee valoa<\/figcaption><\/figure><\/li><li class=\"wp-block-jetpack-slideshow_slide swiper-slide\"><figure><img data-recalc-dims=\"1\" loading=\"lazy\" decoding=\"async\" width=\"750\" height=\"421\" alt=\"\" class=\"wp-block-jetpack-slideshow_image wp-image-48113\" data-id=\"48113\" src=\"https:\/\/i0.wp.com\/finnairinsukeltajat.fi\/wp-content\/uploads\/2020\/11\/avantoa_tekemassa.jpg?resize=750%2C421\" srcset=\"https:\/\/i0.wp.com\/finnairinsukeltajat.fi\/wp-content\/uploads\/2020\/11\/avantoa_tekemassa.jpg?w=816 816w, https:\/\/i0.wp.com\/finnairinsukeltajat.fi\/wp-content\/uploads\/2020\/11\/avantoa_tekemassa.jpg?resize=300%2C168 300w\" sizes=\"(max-width: 750px) 100vw, 750px\" \/><figcaption class=\"wp-block-jetpack-slideshow_caption gallery-caption\">K\u00e4vimme avaamassa avannon. Keli on mahtava<\/figcaption><\/figure><\/li><li class=\"wp-block-jetpack-slideshow_slide swiper-slide\"><figure><img data-recalc-dims=\"1\" loading=\"lazy\" decoding=\"async\" width=\"750\" height=\"421\" alt=\"\" class=\"wp-block-jetpack-slideshow_image wp-image-48112\" data-id=\"48112\" src=\"https:\/\/i0.wp.com\/finnairinsukeltajat.fi\/wp-content\/uploads\/2020\/11\/miia.jpg?resize=750%2C421\" srcset=\"https:\/\/i0.wp.com\/finnairinsukeltajat.fi\/wp-content\/uploads\/2020\/11\/miia.jpg?w=816 816w, https:\/\/i0.wp.com\/finnairinsukeltajat.fi\/wp-content\/uploads\/2020\/11\/miia.jpg?resize=300%2C168 300w\" sizes=\"(max-width: 750px) 100vw, 750px\" \/><figcaption class=\"wp-block-jetpack-slideshow_caption gallery-caption\">Miia laittelee sahaa kasaan<\/figcaption><\/figure><\/li><li class=\"wp-block-jetpack-slideshow_slide swiper-slide\"><figure><img data-recalc-dims=\"1\" loading=\"lazy\" decoding=\"async\" width=\"750\" height=\"421\" alt=\"\" class=\"wp-block-jetpack-slideshow_image wp-image-48111\" data-id=\"48111\" src=\"https:\/\/i0.wp.com\/finnairinsukeltajat.fi\/wp-content\/uploads\/2020\/11\/vesilentaa.jpg?resize=750%2C421\" srcset=\"https:\/\/i0.wp.com\/finnairinsukeltajat.fi\/wp-content\/uploads\/2020\/11\/vesilentaa.jpg?w=816 816w, https:\/\/i0.wp.com\/finnairinsukeltajat.fi\/wp-content\/uploads\/2020\/11\/vesilentaa.jpg?resize=300%2C168 300w\" sizes=\"(max-width: 750px) 100vw, 750px\" \/><figcaption class=\"wp-block-jetpack-slideshow_caption gallery-caption\">Arska viel\u00e4 viimeistelee avannon&#8230;<\/figcaption><\/figure><\/li><li class=\"wp-block-jetpack-slideshow_slide swiper-slide\"><figure><img data-recalc-dims=\"1\" loading=\"lazy\" decoding=\"async\" width=\"750\" height=\"421\" alt=\"\" class=\"wp-block-jetpack-slideshow_image wp-image-48110\" data-id=\"48110\" src=\"https:\/\/i0.wp.com\/finnairinsukeltajat.fi\/wp-content\/uploads\/2020\/11\/arska2.jpg?resize=750%2C421\" srcset=\"https:\/\/i0.wp.com\/finnairinsukeltajat.fi\/wp-content\/uploads\/2020\/11\/arska2.jpg?w=816 816w, https:\/\/i0.wp.com\/finnairinsukeltajat.fi\/wp-content\/uploads\/2020\/11\/arska2.jpg?resize=300%2C168 300w\" sizes=\"(max-width: 750px) 100vw, 750px\" \/><figcaption class=\"wp-block-jetpack-slideshow_caption gallery-caption\">ja l\u00e4htee ajelemaan..<\/figcaption><\/figure><\/li><li class=\"wp-block-jetpack-slideshow_slide swiper-slide\"><figure><img data-recalc-dims=\"1\" loading=\"lazy\" decoding=\"async\" width=\"750\" height=\"563\" alt=\"\" class=\"wp-block-jetpack-slideshow_image wp-image-48109\" data-id=\"48109\" src=\"https:\/\/i0.wp.com\/finnairinsukeltajat.fi\/wp-content\/uploads\/2020\/11\/Avannolla-1.jpg?resize=750%2C563\" srcset=\"https:\/\/i0.wp.com\/finnairinsukeltajat.fi\/wp-content\/uploads\/2020\/11\/Avannolla-1.jpg?w=876 876w, https:\/\/i0.wp.com\/finnairinsukeltajat.fi\/wp-content\/uploads\/2020\/11\/Avannolla-1.jpg?resize=300%2C225 300w\" sizes=\"(max-width: 750px) 100vw, 750px\" \/><\/figure><\/li><\/ul><a class=\"wp-block-jetpack-slideshow_button-prev swiper-button-prev swiper-button-white\" role=\"button\"><\/a><a class=\"wp-block-jetpack-slideshow_button-next swiper-button-next swiper-button-white\" role=\"button\"><\/a><a aria-label=\"Pause Slideshow\" class=\"wp-block-jetpack-slideshow_button-pause\" role=\"button\"><\/a><div class=\"wp-block-jetpack-slideshow_pagination swiper-pagination swiper-pagination-white\"><\/div><\/div><\/div>\n","protected":false},"excerpt":{"rendered":"<p>T\u00e4n\u00e4 vuonna ensimm\u00e4iset tulivat jo keskiviikko iltana. Paikalle saapuikin kolme henke\u00e4. Avantotilanne k\u00e4ytiin tarkistamassa my\u00f6s. Ainakin kolmessa kohtaa ollut avanto, yksi kumminkin ylitse muiden. Alla olevan kuvan avanto avataan varmaankin huomenna ja viimeist\u00e4\u00e4n perjantaina ekat menee sinne. Lauantaina pit\u00e4\u00e4 sitten olla ajoissa liikkeell\u00e4, jottei tarvi tehd\u00e4 uutta avantoa. Lunta ei [&hellip;]<\/p>\n","protected":false},"author":1,"featured_media":48114,"comment_status":"closed","ping_status":"closed","sticky":false,"template":"","format":"standard","meta":{"_jetpack_memberships_contains_paid_content":false,"footnotes":""},"categories":[19],"tags":[],"class_list":["post-48105","post","type-post","status-publish","format-standard","has-post-thumbnail","hentry","category-leirit"],"jetpack_featured_media_url":"https:\/\/i0.wp.com\/finnairinsukeltajat.fi\/wp-content\/uploads\/2020\/11\/avanto2-1.jpg?fit=979%2C550","jetpack_sharing_enabled":true,"_links":{"self":[{"href":"http:\/\/finnairinsukeltajat.fi\/index.php?rest_route=\/wp\/v2\/posts\/48105","targetHints":{"allow":["GET"]}}],"collection":[{"href":"http:\/\/finnairinsukeltajat.fi\/index.php?rest_route=\/wp\/v2\/posts"}],"about":[{"href":"http:\/\/finnairinsukeltajat.fi\/index.php?rest_route=\/wp\/v2\/types\/post"}],"author":[{"embeddable":true,"href":"http:\/\/finnairinsukeltajat.fi\/index.php?rest_route=\/wp\/v2\/users\/1"}],"replies":[{"embeddable":true,"href":"http:\/\/finnairinsukeltajat.fi\/index.php?rest_route=%2Fwp%2Fv2%2Fcomments&post=48105"}],"version-history":[{"count":4,"href":"http:\/\/finnairinsukeltajat.fi\/index.php?rest_route=\/wp\/v2\/posts\/48105\/revisions"}],"predecessor-version":[{"id":48118,"href":"http:\/\/finnairinsukeltajat.fi\/index.php?rest_route=\/wp\/v2\/posts\/48105\/revisions\/48118"}],"wp:featuredmedia":[{"embeddable":true,"href":"http:\/\/finnairinsukeltajat.fi\/index.php?rest_route=\/wp\/v2\/media\/48114"}],"wp:attachment":[{"href":"http:\/\/finnairinsukeltajat.fi\/index.php?rest_route=%2Fwp%2Fv2%2Fmedia&parent=48105"}],"wp:term":[{"taxonomy":"category","embeddable":true,"href":"http:\/\/finnairinsukeltajat.fi\/index.php?rest_route=%2Fwp%2Fv2%2Fcategories&post=48105"},{"taxonomy":"post_tag","embeddable":true,"href":"http:\/\/finnairinsukeltajat.fi\/index.php?rest_route=%2Fwp%2Fv2%2Ftags&post=48105"}],"curies":[{"name":"wp","href":"https:\/\/api.w.org\/{rel}","templated":true}]}}