{"id":48119,"date":"2012-03-07T17:34:38","date_gmt":"2012-03-07T15:34:38","guid":{"rendered":"http:\/\/finnairinsukeltajat.fi\/?p=48119"},"modified":"2020-11-21T17:43:20","modified_gmt":"2020-11-21T15:43:20","slug":"jaaleiri-2012","status":"publish","type":"post","link":"http:\/\/finnairinsukeltajat.fi\/?p=48119","title":{"rendered":"J\u00e4\u00e4leiri 2012"},"content":{"rendered":"<p>Leirill\u00e4 oli todella hienot kelit, kuten kuvista voit n\u00e4hd\u00e4. Perjantaina oli pari l\u00e4mp\u00f6astetta ja aurinkoista. Ensimm\u00e4iset oli tulleet jo torstai iltana. Joten p\u00e4\u00e4simmekin avaamaan avannon ja tekem\u00e4\u00e4n sukelluksia jo silloin. Jyk\u00e4 ja Joke k\u00e4vikin avannossa. Jyk\u00e4 jopa kirjaimellisesti, kun laite alkoi puhaltaa.<\/p>\n<p>Lauantaina olikin pieni pakkanen ja aurinkoinen. N\u00e4in my\u00f6s j\u00e4\u00e4n p\u00e4\u00e4ll\u00e4 ollut sohjo, joka haittasi perjantaina, oli j\u00e4\u00e4tynyt. Ehdimme juuri varata avannon, kun toinen porukka ilmaantui. He meniv\u00e4t onneksi<br \/>ensin Pyh\u00e4maalle. Saimme tehty\u00e4 ripe\u00e4ss\u00e4 tahdissa dyykit, vsaikka j\u00e4lleen laitteita j\u00e4\u00e4tyi. L\u00e4hinn\u00e4 liivej\u00e4. Timo, Hannu, Hese, Johku, Pete ja Harri p\u00e4\u00e4siv\u00e4t veteen. Hese jopa k\u00e4vi useamman kerran.<\/p>\n<p>Perinteinen sauna p\u00e4\u00e4lle ja suurin osa l\u00e4hti kotia kohti. Vain muutama j\u00e4i leirille.<br \/>Meit\u00e4 j\u00e4i vain muutama jatkamaan iltaa. Mutta koko p\u00e4iv\u00e4n j\u00e4\u00e4ll\u00e4 olo raikkaassa ilmassa teki on veronsa illan viettoon. Ensimm\u00e4iset siirtyikin nukkumaan jo ennen kymment\u00e4. Ja ei ne viimeisetk\u00e4\u00e4n<br \/>valvoneet pitk\u00e4\u00e4.<\/p>\n<p>N\u00e4in oltiinkin sunnuntai aikaisin hereill\u00e4 ja keli edelleen fantastinen. Aurinkoa ja pikku pakkasta. Joten j\u00e4\u00e4lle k\u00e4velem\u00e4\u00e4n ja IAU:n saunan edess\u00e4 auringonottoa.<\/p>\n\n\n<div class=\"wp-block-jetpack-slideshow aligncenter\" data-effect=\"slide\"><div class=\"wp-block-jetpack-slideshow_container swiper-container\"><ul class=\"wp-block-jetpack-slideshow_swiper-wrapper swiper-wrapper\"><li class=\"wp-block-jetpack-slideshow_slide swiper-slide\"><figure><img data-recalc-dims=\"1\" loading=\"lazy\" decoding=\"async\" width=\"563\" height=\"422\" alt=\"\" class=\"wp-block-jetpack-slideshow_image wp-image-48135\" data-id=\"48135\" src=\"https:\/\/i0.wp.com\/finnairinsukeltajat.fi\/wp-content\/uploads\/2020\/11\/reianteko1.jpg?resize=563%2C422\" srcset=\"https:\/\/i0.wp.com\/finnairinsukeltajat.fi\/wp-content\/uploads\/2020\/11\/reianteko1.jpg?w=563 563w, https:\/\/i0.wp.com\/finnairinsukeltajat.fi\/wp-content\/uploads\/2020\/11\/reianteko1.jpg?resize=300%2C225 300w\" sizes=\"(max-width: 563px) 100vw, 563px\" \/><figcaption class=\"wp-block-jetpack-slideshow_caption gallery-caption\">T\u00e4st\u00e4h\u00e4n t\u00e4m\u00e4 aina alkaa<\/figcaption><\/figure><\/li><li class=\"wp-block-jetpack-slideshow_slide swiper-slide\"><figure><img data-recalc-dims=\"1\" loading=\"lazy\" decoding=\"async\" width=\"563\" height=\"422\" alt=\"\" class=\"wp-block-jetpack-slideshow_image wp-image-48134\" data-id=\"48134\" src=\"https:\/\/i0.wp.com\/finnairinsukeltajat.fi\/wp-content\/uploads\/2020\/11\/jykakamaa.jpg?resize=563%2C422\" srcset=\"https:\/\/i0.wp.com\/finnairinsukeltajat.fi\/wp-content\/uploads\/2020\/11\/jykakamaa.jpg?w=563 563w, https:\/\/i0.wp.com\/finnairinsukeltajat.fi\/wp-content\/uploads\/2020\/11\/jykakamaa.jpg?resize=300%2C225 300w\" sizes=\"(max-width: 563px) 100vw, 563px\" \/><figcaption class=\"wp-block-jetpack-slideshow_caption gallery-caption\">Sitten aletaan valmistautumaan dyykkeihin<\/figcaption><\/figure><\/li><li class=\"wp-block-jetpack-slideshow_slide swiper-slide\"><figure><img data-recalc-dims=\"1\" loading=\"lazy\" decoding=\"async\" width=\"563\" height=\"422\" alt=\"\" class=\"wp-block-jetpack-slideshow_image wp-image-48133\" data-id=\"48133\" src=\"https:\/\/i0.wp.com\/finnairinsukeltajat.fi\/wp-content\/uploads\/2020\/11\/elarento.jpg?resize=563%2C422\" srcset=\"https:\/\/i0.wp.com\/finnairinsukeltajat.fi\/wp-content\/uploads\/2020\/11\/elarento.jpg?w=563 563w, https:\/\/i0.wp.com\/finnairinsukeltajat.fi\/wp-content\/uploads\/2020\/11\/elarento.jpg?resize=300%2C225 300w\" sizes=\"(max-width: 563px) 100vw, 563px\" \/><figcaption class=\"wp-block-jetpack-slideshow_caption gallery-caption\">Toiset vaan ottaa urinkoa<\/figcaption><\/figure><\/li><li class=\"wp-block-jetpack-slideshow_slide swiper-slide\"><figure><img data-recalc-dims=\"1\" loading=\"lazy\" decoding=\"async\" width=\"563\" height=\"422\" alt=\"\" class=\"wp-block-jetpack-slideshow_image wp-image-48132\" data-id=\"48132\" src=\"https:\/\/i0.wp.com\/finnairinsukeltajat.fi\/wp-content\/uploads\/2020\/11\/jokekykavalmiina.jpg?resize=563%2C422\" srcset=\"https:\/\/i0.wp.com\/finnairinsukeltajat.fi\/wp-content\/uploads\/2020\/11\/jokekykavalmiina.jpg?w=563 563w, https:\/\/i0.wp.com\/finnairinsukeltajat.fi\/wp-content\/uploads\/2020\/11\/jokekykavalmiina.jpg?resize=300%2C225 300w\" sizes=\"(max-width: 563px) 100vw, 563px\" \/><figcaption class=\"wp-block-jetpack-slideshow_caption gallery-caption\">Joke ka Jyk\u00e4 valmiina, Esa viel\u00e4 sitoo parinarua<\/figcaption><\/figure><\/li><li class=\"wp-block-jetpack-slideshow_slide swiper-slide\"><figure><img data-recalc-dims=\"1\" loading=\"lazy\" decoding=\"async\" width=\"563\" height=\"422\" alt=\"\" class=\"wp-block-jetpack-slideshow_image wp-image-48131\" data-id=\"48131\" src=\"https:\/\/i0.wp.com\/finnairinsukeltajat.fi\/wp-content\/uploads\/2020\/11\/jokekykavalmiina2.jpg?resize=563%2C422\" srcset=\"https:\/\/i0.wp.com\/finnairinsukeltajat.fi\/wp-content\/uploads\/2020\/11\/jokekykavalmiina2.jpg?w=563 563w, https:\/\/i0.wp.com\/finnairinsukeltajat.fi\/wp-content\/uploads\/2020\/11\/jokekykavalmiina2.jpg?resize=300%2C225 300w\" sizes=\"(max-width: 563px) 100vw, 563px\" \/><figcaption class=\"wp-block-jetpack-slideshow_caption gallery-caption\">Viimeiset viritykset ja j\u00e4\u00e4n alle<\/figcaption><\/figure><\/li><li class=\"wp-block-jetpack-slideshow_slide swiper-slide\"><figure><img data-recalc-dims=\"1\" loading=\"lazy\" decoding=\"async\" width=\"563\" height=\"422\" alt=\"\" class=\"wp-block-jetpack-slideshow_image wp-image-48130\" data-id=\"48130\" src=\"https:\/\/i0.wp.com\/finnairinsukeltajat.fi\/wp-content\/uploads\/2020\/11\/peporukkavalmis.jpg?resize=563%2C422\" srcset=\"https:\/\/i0.wp.com\/finnairinsukeltajat.fi\/wp-content\/uploads\/2020\/11\/peporukkavalmis.jpg?w=563 563w, https:\/\/i0.wp.com\/finnairinsukeltajat.fi\/wp-content\/uploads\/2020\/11\/peporukkavalmis.jpg?resize=300%2C225 300w\" sizes=\"(max-width: 563px) 100vw, 563px\" \/><figcaption class=\"wp-block-jetpack-slideshow_caption gallery-caption\">Perjantaidyykit tehty<\/figcaption><\/figure><\/li><li class=\"wp-block-jetpack-slideshow_slide swiper-slide\"><figure><img data-recalc-dims=\"1\" loading=\"lazy\" decoding=\"async\" width=\"730\" height=\"547\" alt=\"\" class=\"wp-block-jetpack-slideshow_image wp-image-48129\" data-id=\"48129\" src=\"https:\/\/i0.wp.com\/finnairinsukeltajat.fi\/wp-content\/uploads\/2020\/11\/esavierelalammihese.jpg?resize=730%2C547\" srcset=\"https:\/\/i0.wp.com\/finnairinsukeltajat.fi\/wp-content\/uploads\/2020\/11\/esavierelalammihese.jpg?w=730 730w, https:\/\/i0.wp.com\/finnairinsukeltajat.fi\/wp-content\/uploads\/2020\/11\/esavierelalammihese.jpg?resize=300%2C225 300w\" sizes=\"(max-width: 730px) 100vw, 730px\" \/><figcaption class=\"wp-block-jetpack-slideshow_caption gallery-caption\">Lauantai porukka valmistautuu Esa, Hannu, Timo ja Hese selin<\/figcaption><\/figure><\/li><li class=\"wp-block-jetpack-slideshow_slide swiper-slide\"><figure><img data-recalc-dims=\"1\" loading=\"lazy\" decoding=\"async\" width=\"518\" height=\"389\" alt=\"\" class=\"wp-block-jetpack-slideshow_image wp-image-48128\" data-id=\"48128\" src=\"https:\/\/i0.wp.com\/finnairinsukeltajat.fi\/wp-content\/uploads\/2020\/11\/petevalmistautuu.jpg?resize=518%2C389\" srcset=\"https:\/\/i0.wp.com\/finnairinsukeltajat.fi\/wp-content\/uploads\/2020\/11\/petevalmistautuu.jpg?w=518 518w, https:\/\/i0.wp.com\/finnairinsukeltajat.fi\/wp-content\/uploads\/2020\/11\/petevalmistautuu.jpg?resize=300%2C225 300w\" sizes=\"(max-width: 518px) 100vw, 518px\" \/><figcaption class=\"wp-block-jetpack-slideshow_caption gallery-caption\"> Lauantai porukka valmistautuu Esa, Hannu, Timo ja Hese selin \tPete jo avannon reunalla Harrin kanssa<\/figcaption><\/figure><\/li><li class=\"wp-block-jetpack-slideshow_slide swiper-slide\"><figure><img data-recalc-dims=\"1\" loading=\"lazy\" decoding=\"async\" width=\"320\" height=\"240\" alt=\"\" class=\"wp-block-jetpack-slideshow_image wp-image-48127\" data-id=\"48127\" src=\"https:\/\/i0.wp.com\/finnairinsukeltajat.fi\/wp-content\/uploads\/2020\/11\/jokeprokkinen_naruttaa.jpg?resize=320%2C240\" srcset=\"https:\/\/i0.wp.com\/finnairinsukeltajat.fi\/wp-content\/uploads\/2020\/11\/jokeprokkinen_naruttaa.jpg?w=320 320w, https:\/\/i0.wp.com\/finnairinsukeltajat.fi\/wp-content\/uploads\/2020\/11\/jokeprokkinen_naruttaa.jpg?resize=300%2C225 300w\" sizes=\"(max-width: 320px) 100vw, 320px\" \/><figcaption class=\"wp-block-jetpack-slideshow_caption gallery-caption\">Mik\u00e4s on naruttaessa, kun keli suosii. Joke ja Pr\u00f6kkinen<\/figcaption><\/figure><\/li><li class=\"wp-block-jetpack-slideshow_slide swiper-slide\"><figure><img data-recalc-dims=\"1\" loading=\"lazy\" decoding=\"async\" width=\"461\" height=\"346\" alt=\"\" class=\"wp-block-jetpack-slideshow_image wp-image-48126\" data-id=\"48126\" src=\"https:\/\/i0.wp.com\/finnairinsukeltajat.fi\/wp-content\/uploads\/2020\/11\/turva-1.jpg?resize=461%2C346\" srcset=\"https:\/\/i0.wp.com\/finnairinsukeltajat.fi\/wp-content\/uploads\/2020\/11\/turva-1.jpg?w=461 461w, https:\/\/i0.wp.com\/finnairinsukeltajat.fi\/wp-content\/uploads\/2020\/11\/turva-1.jpg?resize=300%2C225 300w\" sizes=\"(max-width: 461px) 100vw, 461px\" \/><figcaption class=\"wp-block-jetpack-slideshow_caption gallery-caption\">Pete turvana, ei aina se mukavin juttu kylm\u00e4n dyykin j\u00e4lkeen<\/figcaption><\/figure><\/li><li class=\"wp-block-jetpack-slideshow_slide swiper-slide\"><figure><img data-recalc-dims=\"1\" loading=\"lazy\" decoding=\"async\" width=\"640\" height=\"480\" alt=\"\" class=\"wp-block-jetpack-slideshow_image wp-image-48123\" data-id=\"48123\" src=\"https:\/\/i0.wp.com\/finnairinsukeltajat.fi\/wp-content\/uploads\/2020\/11\/hesevalmis.jpg?resize=640%2C480\" srcset=\"https:\/\/i0.wp.com\/finnairinsukeltajat.fi\/wp-content\/uploads\/2020\/11\/hesevalmis.jpg?w=640 640w, https:\/\/i0.wp.com\/finnairinsukeltajat.fi\/wp-content\/uploads\/2020\/11\/hesevalmis.jpg?resize=300%2C225 300w\" sizes=\"(max-width: 640px) 100vw, 640px\" \/><figcaption class=\"wp-block-jetpack-slideshow_caption gallery-caption\">Eka j\u00e4\u00e4dyykki Hannulla ja m\u00e4rkk\u00e4rill\u00e4. Hyvin meni, vaikka liivi j\u00e4\u00e4ty. Eik\u00e4 kuulemma tullut edes kylm\u00e4<\/figcaption><\/figure><\/li><li class=\"wp-block-jetpack-slideshow_slide swiper-slide\"><figure><img data-recalc-dims=\"1\" loading=\"lazy\" decoding=\"async\" width=\"320\" height=\"240\" alt=\"\" class=\"wp-block-jetpack-slideshow_image wp-image-48125\" data-id=\"48125\" src=\"https:\/\/i0.wp.com\/finnairinsukeltajat.fi\/wp-content\/uploads\/2020\/11\/vierela.jpg?resize=320%2C240\" srcset=\"https:\/\/i0.wp.com\/finnairinsukeltajat.fi\/wp-content\/uploads\/2020\/11\/vierela.jpg?w=320 320w, https:\/\/i0.wp.com\/finnairinsukeltajat.fi\/wp-content\/uploads\/2020\/11\/vierela.jpg?resize=300%2C225 300w\" sizes=\"(max-width: 320px) 100vw, 320px\" \/><figcaption class=\"wp-block-jetpack-slideshow_caption gallery-caption\">Eka j\u00e4\u00e4dyykki Hannulla ja m\u00e4rkk\u00e4rill\u00e4. Hyvin meni, vaikka liivi j\u00e4\u00e4ty. Eik\u00e4 kuulemma tullut edes kylm\u00e4<\/figcaption><\/figure><\/li><li class=\"wp-block-jetpack-slideshow_slide swiper-slide\"><figure><img data-recalc-dims=\"1\" loading=\"lazy\" decoding=\"async\" width=\"750\" height=\"563\" alt=\"\" class=\"wp-block-jetpack-slideshow_image wp-image-48124\" data-id=\"48124\" src=\"https:\/\/i0.wp.com\/finnairinsukeltajat.fi\/wp-content\/uploads\/2020\/11\/Avannolla-2.jpg?resize=750%2C563\" srcset=\"https:\/\/i0.wp.com\/finnairinsukeltajat.fi\/wp-content\/uploads\/2020\/11\/Avannolla-2.jpg?w=876 876w, https:\/\/i0.wp.com\/finnairinsukeltajat.fi\/wp-content\/uploads\/2020\/11\/Avannolla-2.jpg?resize=300%2C225 300w\" sizes=\"(max-width: 750px) 100vw, 750px\" \/><\/figure><\/li><\/ul><a class=\"wp-block-jetpack-slideshow_button-prev swiper-button-prev swiper-button-white\" role=\"button\"><\/a><a class=\"wp-block-jetpack-slideshow_button-next swiper-button-next swiper-button-white\" role=\"button\"><\/a><a aria-label=\"Pause Slideshow\" class=\"wp-block-jetpack-slideshow_button-pause\" role=\"button\"><\/a><div class=\"wp-block-jetpack-slideshow_pagination swiper-pagination swiper-pagination-white\"><\/div><\/div><\/div>\n","protected":false},"excerpt":{"rendered":"<p>Leirill\u00e4 oli todella hienot kelit, kuten kuvista voit n\u00e4hd\u00e4. Perjantaina oli pari l\u00e4mp\u00f6astetta ja aurinkoista. Ensimm\u00e4iset oli tulleet jo torstai iltana. Joten p\u00e4\u00e4simmekin avaamaan avannon ja tekem\u00e4\u00e4n sukelluksia jo silloin. Jyk\u00e4 ja Joke k\u00e4vikin avannossa. Jyk\u00e4 jopa kirjaimellisesti, kun laite alkoi puhaltaa. Lauantaina olikin pieni pakkanen ja aurinkoinen. N\u00e4in my\u00f6s [&hellip;]<\/p>\n","protected":false},"author":1,"featured_media":48125,"comment_status":"closed","ping_status":"closed","sticky":false,"template":"","format":"standard","meta":{"_jetpack_memberships_contains_paid_content":false,"footnotes":""},"categories":[19],"tags":[],"class_list":["post-48119","post","type-post","status-publish","format-standard","has-post-thumbnail","hentry","category-leirit"],"jetpack_featured_media_url":"https:\/\/i0.wp.com\/finnairinsukeltajat.fi\/wp-content\/uploads\/2020\/11\/vierela.jpg?fit=320%2C240","jetpack_sharing_enabled":true,"_links":{"self":[{"href":"http:\/\/finnairinsukeltajat.fi\/index.php?rest_route=\/wp\/v2\/posts\/48119","targetHints":{"allow":["GET"]}}],"collection":[{"href":"http:\/\/finnairinsukeltajat.fi\/index.php?rest_route=\/wp\/v2\/posts"}],"about":[{"href":"http:\/\/finnairinsukeltajat.fi\/index.php?rest_route=\/wp\/v2\/types\/post"}],"author":[{"embeddable":true,"href":"http:\/\/finnairinsukeltajat.fi\/index.php?rest_route=\/wp\/v2\/users\/1"}],"replies":[{"embeddable":true,"href":"http:\/\/finnairinsukeltajat.fi\/index.php?rest_route=%2Fwp%2Fv2%2Fcomments&post=48119"}],"version-history":[{"count":3,"href":"http:\/\/finnairinsukeltajat.fi\/index.php?rest_route=\/wp\/v2\/posts\/48119\/revisions"}],"predecessor-version":[{"id":48136,"href":"http:\/\/finnairinsukeltajat.fi\/index.php?rest_route=\/wp\/v2\/posts\/48119\/revisions\/48136"}],"wp:featuredmedia":[{"embeddable":true,"href":"http:\/\/finnairinsukeltajat.fi\/index.php?rest_route=\/wp\/v2\/media\/48125"}],"wp:attachment":[{"href":"http:\/\/finnairinsukeltajat.fi\/index.php?rest_route=%2Fwp%2Fv2%2Fmedia&parent=48119"}],"wp:term":[{"taxonomy":"category","embeddable":true,"href":"http:\/\/finnairinsukeltajat.fi\/index.php?rest_route=%2Fwp%2Fv2%2Fcategories&post=48119"},{"taxonomy":"post_tag","embeddable":true,"href":"http:\/\/finnairinsukeltajat.fi\/index.php?rest_route=%2Fwp%2Fv2%2Ftags&post=48119"}],"curies":[{"name":"wp","href":"https:\/\/api.w.org\/{rel}","templated":true}]}}