{"id":48148,"date":"1999-10-21T17:51:24","date_gmt":"1999-10-21T14:51:24","guid":{"rendered":"http:\/\/finnairinsukeltajat.fi\/?p=48148"},"modified":"2021-03-16T09:40:43","modified_gmt":"2021-03-16T07:40:43","slug":"syysleiri-1999","status":"publish","type":"post","link":"http:\/\/finnairinsukeltajat.fi\/?p=48148","title":{"rendered":"Syysleiri 1999"},"content":{"rendered":"<p>T\u00e4ss\u00e4 muutama kuva 1999 syysleirist\u00e4. Kelit suosi todella meit\u00e4 ja porukkaa riitti. Eiran p\u00e4\u00e4ll\u00e4kin saatiin olla vain shortsit jalassa. P\u00e4\u00e4simmekin k\u00e4ym\u00e4\u00e4n Eiralla useasti. Tulihan se siipirataskin l\u00f6ydetty\u00e4 uudelleen. Menimme vaan tuulensuojaan sukeltelemaan ja Esahan sen sitten l\u00f6ysi. L\u00f6ysi viel\u00e4 toisenkin hylyn, mutta sit\u00e4 ei kyll\u00e4 muut l\u00f6yt\u00e4neet. Tukialuksena oli Riia, kippareina Janne ja Touho.<\/p>\n<p><br \/>Kuvia katsellessa laita viikko 36 jo leiriviikoksi. Kaikki mukaan viett\u00e4m\u00e4\u00e4n mahtavaa leiri\u00e4. Meill\u00e4 on mukana kerhon uusi kumppari, joka antaa mahdollisuuden tehd\u00e4 monipuolisemmin retki\u00e4 l\u00e4hivesill\u00e4 ja miksei vaikka Keulikselle asti.<\/p>\n\n\n<div class=\"wp-block-jetpack-slideshow aligncenter\" data-effect=\"slide\"><div class=\"wp-block-jetpack-slideshow_container swiper-container\"><ul class=\"wp-block-jetpack-slideshow_swiper-wrapper swiper-wrapper\"><li class=\"wp-block-jetpack-slideshow_slide swiper-slide\"><figure><img data-recalc-dims=\"1\" loading=\"lazy\" decoding=\"async\" width=\"180\" height=\"219\" alt=\"\" class=\"wp-block-jetpack-slideshow_image wp-image-48160\" data-id=\"48160\" src=\"https:\/\/i0.wp.com\/finnairinsukeltajat.fi\/wp-content\/uploads\/2020\/11\/janne.jpg?resize=180%2C219\"\/><figcaption class=\"wp-block-jetpack-slideshow_caption gallery-caption\">Janne<\/figcaption><\/figure><\/li><li class=\"wp-block-jetpack-slideshow_slide swiper-slide\"><figure><img data-recalc-dims=\"1\" loading=\"lazy\" decoding=\"async\" width=\"592\" height=\"244\" alt=\"\" class=\"wp-block-jetpack-slideshow_image wp-image-48159\" data-id=\"48159\" src=\"https:\/\/i0.wp.com\/finnairinsukeltajat.fi\/wp-content\/uploads\/2020\/11\/hekajohku.jpg?resize=592%2C244\" srcset=\"https:\/\/i0.wp.com\/finnairinsukeltajat.fi\/wp-content\/uploads\/2020\/11\/hekajohku.jpg?w=592 592w, https:\/\/i0.wp.com\/finnairinsukeltajat.fi\/wp-content\/uploads\/2020\/11\/hekajohku.jpg?resize=300%2C124 300w\" sizes=\"(max-width: 592px) 100vw, 592px\" \/><figcaption class=\"wp-block-jetpack-slideshow_caption gallery-caption\">Vieraita Merisukeltajista<\/figcaption><\/figure><\/li><li class=\"wp-block-jetpack-slideshow_slide swiper-slide\"><figure><img data-recalc-dims=\"1\" loading=\"lazy\" decoding=\"async\" width=\"236\" height=\"187\" alt=\"\" class=\"wp-block-jetpack-slideshow_image wp-image-48158\" data-id=\"48158\" src=\"https:\/\/i0.wp.com\/finnairinsukeltajat.fi\/wp-content\/uploads\/2020\/11\/kimmokomp.jpg?resize=236%2C187\"\/><figcaption class=\"wp-block-jetpack-slideshow_caption gallery-caption\">Kimmo ja kompura<\/figcaption><\/figure><\/li><li class=\"wp-block-jetpack-slideshow_slide swiper-slide\"><figure><img data-recalc-dims=\"1\" loading=\"lazy\" decoding=\"async\" width=\"251\" height=\"226\" alt=\"\" class=\"wp-block-jetpack-slideshow_image wp-image-48157\" data-id=\"48157\" src=\"https:\/\/i0.wp.com\/finnairinsukeltajat.fi\/wp-content\/uploads\/2020\/11\/joke-1.jpg?resize=251%2C226\"\/><figcaption class=\"wp-block-jetpack-slideshow_caption gallery-caption\">&#8221;Perkele&#8221; Jokella oli v\u00e4h\u00e4n ongelmia pullojen ja puvun kanssa koko leirin<\/figcaption><\/figure><\/li><li class=\"wp-block-jetpack-slideshow_slide swiper-slide\"><figure><img data-recalc-dims=\"1\" loading=\"lazy\" decoding=\"async\" width=\"179\" height=\"153\" alt=\"\" class=\"wp-block-jetpack-slideshow_image wp-image-48156\" data-id=\"48156\" src=\"https:\/\/i0.wp.com\/finnairinsukeltajat.fi\/wp-content\/uploads\/2020\/11\/velj2.jpg?resize=179%2C153\"\/><figcaption class=\"wp-block-jetpack-slideshow_caption gallery-caption\">Lopulta j\u00e4lleen kasassa<\/figcaption><\/figure><\/li><li class=\"wp-block-jetpack-slideshow_slide swiper-slide\"><figure><img data-recalc-dims=\"1\" loading=\"lazy\" decoding=\"async\" width=\"269\" height=\"180\" alt=\"\" class=\"wp-block-jetpack-slideshow_image wp-image-48152\" data-id=\"48152\" src=\"https:\/\/i0.wp.com\/finnairinsukeltajat.fi\/wp-content\/uploads\/2020\/11\/kipparit.jpg?resize=269%2C180\"\/><figcaption class=\"wp-block-jetpack-slideshow_caption gallery-caption\">Kipparit p\u00e4iv\u00e4n lehden kimpussa<\/figcaption><\/figure><\/li><li class=\"wp-block-jetpack-slideshow_slide swiper-slide\"><figure><img data-recalc-dims=\"1\" loading=\"lazy\" decoding=\"async\" width=\"750\" height=\"352\" alt=\"\" class=\"wp-block-jetpack-slideshow_image wp-image-48155\" data-id=\"48155\" src=\"https:\/\/i0.wp.com\/finnairinsukeltajat.fi\/wp-content\/uploads\/2020\/11\/olohuone2.jpg?resize=750%2C352\" srcset=\"https:\/\/i0.wp.com\/finnairinsukeltajat.fi\/wp-content\/uploads\/2020\/11\/olohuone2.jpg?w=794 794w, https:\/\/i0.wp.com\/finnairinsukeltajat.fi\/wp-content\/uploads\/2020\/11\/olohuone2.jpg?resize=300%2C141 300w\" sizes=\"(max-width: 750px) 100vw, 750px\" \/><figcaption class=\"wp-block-jetpack-slideshow_caption gallery-caption\">V\u00e4lill\u00e4 juhlittiin syntt\u00e4reit\u00e4 Poma 30v<\/figcaption><\/figure><\/li><li class=\"wp-block-jetpack-slideshow_slide swiper-slide\"><figure><img data-recalc-dims=\"1\" loading=\"lazy\" decoding=\"async\" width=\"161\" height=\"219\" alt=\"\" class=\"wp-block-jetpack-slideshow_image wp-image-48154\" data-id=\"48154\" src=\"https:\/\/i0.wp.com\/finnairinsukeltajat.fi\/wp-content\/uploads\/2020\/11\/poma-3.jpg?resize=161%2C219\"\/><figcaption class=\"wp-block-jetpack-slideshow_caption gallery-caption\">Poma<\/figcaption><\/figure><\/li><li class=\"wp-block-jetpack-slideshow_slide swiper-slide\"><figure><img data-recalc-dims=\"1\" loading=\"lazy\" decoding=\"async\" width=\"213\" height=\"247\" alt=\"\" class=\"wp-block-jetpack-slideshow_image wp-image-48153\" data-id=\"48153\" src=\"https:\/\/i0.wp.com\/finnairinsukeltajat.fi\/wp-content\/uploads\/2020\/11\/letsgo.jpg?resize=213%2C247\"\/><figcaption class=\"wp-block-jetpack-slideshow_caption gallery-caption\">&#8221;Let&#8217;s go&#8221; Lopuksi Ingelle p\u00e4\u00e4tt\u00e4j\u00e4isiin<\/figcaption><\/figure><\/li><\/ul><a class=\"wp-block-jetpack-slideshow_button-prev swiper-button-prev swiper-button-white\" role=\"button\"><\/a><a class=\"wp-block-jetpack-slideshow_button-next swiper-button-next swiper-button-white\" role=\"button\"><\/a><a aria-label=\"Pause Slideshow\" class=\"wp-block-jetpack-slideshow_button-pause\" role=\"button\"><\/a><div class=\"wp-block-jetpack-slideshow_pagination swiper-pagination swiper-pagination-white\"><\/div><\/div><\/div>\n","protected":false},"excerpt":{"rendered":"<p>T\u00e4ss\u00e4 muutama kuva 1999 syysleirist\u00e4. Kelit suosi todella meit\u00e4 ja porukkaa riitti. Eiran p\u00e4\u00e4ll\u00e4kin saatiin olla vain shortsit jalassa. P\u00e4\u00e4simmekin k\u00e4ym\u00e4\u00e4n Eiralla useasti. Tulihan se siipirataskin l\u00f6ydetty\u00e4 uudelleen. Menimme vaan tuulensuojaan sukeltelemaan ja Esahan sen sitten l\u00f6ysi. L\u00f6ysi viel\u00e4 toisenkin hylyn, mutta sit\u00e4 ei kyll\u00e4 muut l\u00f6yt\u00e4neet. Tukialuksena oli Riia, [&hellip;]<\/p>\n","protected":false},"author":1,"featured_media":48157,"comment_status":"closed","ping_status":"closed","sticky":false,"template":"","format":"standard","meta":{"_jetpack_memberships_contains_paid_content":false,"footnotes":""},"categories":[19],"tags":[],"class_list":["post-48148","post","type-post","status-publish","format-standard","has-post-thumbnail","hentry","category-leirit"],"jetpack_featured_media_url":"https:\/\/i0.wp.com\/finnairinsukeltajat.fi\/wp-content\/uploads\/2020\/11\/joke-1.jpg?fit=251%2C226","jetpack_sharing_enabled":true,"_links":{"self":[{"href":"http:\/\/finnairinsukeltajat.fi\/index.php?rest_route=\/wp\/v2\/posts\/48148","targetHints":{"allow":["GET"]}}],"collection":[{"href":"http:\/\/finnairinsukeltajat.fi\/index.php?rest_route=\/wp\/v2\/posts"}],"about":[{"href":"http:\/\/finnairinsukeltajat.fi\/index.php?rest_route=\/wp\/v2\/types\/post"}],"author":[{"embeddable":true,"href":"http:\/\/finnairinsukeltajat.fi\/index.php?rest_route=\/wp\/v2\/users\/1"}],"replies":[{"embeddable":true,"href":"http:\/\/finnairinsukeltajat.fi\/index.php?rest_route=%2Fwp%2Fv2%2Fcomments&post=48148"}],"version-history":[{"count":4,"href":"http:\/\/finnairinsukeltajat.fi\/index.php?rest_route=\/wp\/v2\/posts\/48148\/revisions"}],"predecessor-version":[{"id":49483,"href":"http:\/\/finnairinsukeltajat.fi\/index.php?rest_route=\/wp\/v2\/posts\/48148\/revisions\/49483"}],"wp:featuredmedia":[{"embeddable":true,"href":"http:\/\/finnairinsukeltajat.fi\/index.php?rest_route=\/wp\/v2\/media\/48157"}],"wp:attachment":[{"href":"http:\/\/finnairinsukeltajat.fi\/index.php?rest_route=%2Fwp%2Fv2%2Fmedia&parent=48148"}],"wp:term":[{"taxonomy":"category","embeddable":true,"href":"http:\/\/finnairinsukeltajat.fi\/index.php?rest_route=%2Fwp%2Fv2%2Fcategories&post=48148"},{"taxonomy":"post_tag","embeddable":true,"href":"http:\/\/finnairinsukeltajat.fi\/index.php?rest_route=%2Fwp%2Fv2%2Ftags&post=48148"}],"curies":[{"name":"wp","href":"https:\/\/api.w.org\/{rel}","templated":true}]}}