{"id":48201,"date":"2002-10-21T18:28:51","date_gmt":"2002-10-21T15:28:51","guid":{"rendered":"http:\/\/finnairinsukeltajat.fi\/?p=48201"},"modified":"2020-11-21T18:45:05","modified_gmt":"2020-11-21T16:45:05","slug":"syysleiri-2002","status":"publish","type":"post","link":"http:\/\/finnairinsukeltajat.fi\/?p=48201","title":{"rendered":"Syysleiri 2002"},"content":{"rendered":"<p>Vietimme syysleirin upeassa s\u00e4\u00e4ss\u00e4. Ainoastaan alun kovat tuulet hieman haittasivat. Vesikin j\u00e4\u00e4htyi ja n\u00e4kyvyydet parani. Ainoan suuren menetyksen koimme Eggolla, kun joku on viennyt\/nostanut pelastusveneen hylyn kupeesta.<\/p>\n<p>Ingekin lopetti toimintansa ja vietimme lopettajaisissa my\u00f6s hell\u00e4t j\u00e4\u00e4hyv\u00e4iset.<\/p>\n\n\n<div class=\"wp-block-jetpack-slideshow aligncenter\" data-effect=\"slide\"><div class=\"wp-block-jetpack-slideshow_container swiper-container\"><ul class=\"wp-block-jetpack-slideshow_swiper-wrapper swiper-wrapper\"><li class=\"wp-block-jetpack-slideshow_slide swiper-slide\"><figure><img data-recalc-dims=\"1\" loading=\"lazy\" decoding=\"async\" width=\"261\" height=\"179\" alt=\"\" class=\"wp-block-jetpack-slideshow_image wp-image-48226\" data-id=\"48226\" src=\"https:\/\/i0.wp.com\/finnairinsukeltajat.fi\/wp-content\/uploads\/2020\/11\/ingevivan.jpg?resize=261%2C179\"\/><figcaption class=\"wp-block-jetpack-slideshow_caption gallery-caption\">N\u00e4it\u00e4 rouvia emme en\u00e4\u00e4 n\u00e4e tiskin takana.<\/figcaption><\/figure><\/li><li class=\"wp-block-jetpack-slideshow_slide swiper-slide\"><figure><img data-recalc-dims=\"1\" loading=\"lazy\" decoding=\"async\" width=\"349\" height=\"261\" alt=\"\" class=\"wp-block-jetpack-slideshow_image wp-image-48225\" data-id=\"48225\" src=\"https:\/\/i0.wp.com\/finnairinsukeltajat.fi\/wp-content\/uploads\/2020\/11\/2002ruokajono.jpg?resize=349%2C261\" srcset=\"https:\/\/i0.wp.com\/finnairinsukeltajat.fi\/wp-content\/uploads\/2020\/11\/2002ruokajono.jpg?w=349 349w, https:\/\/i0.wp.com\/finnairinsukeltajat.fi\/wp-content\/uploads\/2020\/11\/2002ruokajono.jpg?resize=300%2C224 300w\" sizes=\"(max-width: 349px) 100vw, 349px\" \/><\/figure><\/li><li class=\"wp-block-jetpack-slideshow_slide swiper-slide\"><figure><img data-recalc-dims=\"1\" loading=\"lazy\" decoding=\"async\" width=\"320\" height=\"240\" alt=\"\" class=\"wp-block-jetpack-slideshow_image wp-image-48224\" data-id=\"48224\" src=\"https:\/\/i0.wp.com\/finnairinsukeltajat.fi\/wp-content\/uploads\/2020\/11\/2002keli.jpg?resize=320%2C240\" srcset=\"https:\/\/i0.wp.com\/finnairinsukeltajat.fi\/wp-content\/uploads\/2020\/11\/2002keli.jpg?w=320 320w, https:\/\/i0.wp.com\/finnairinsukeltajat.fi\/wp-content\/uploads\/2020\/11\/2002keli.jpg?resize=300%2C225 300w\" sizes=\"(max-width: 320px) 100vw, 320px\" \/><figcaption class=\"wp-block-jetpack-slideshow_caption gallery-caption\">Keli Eiralla leirin aikana<\/figcaption><\/figure><\/li><li class=\"wp-block-jetpack-slideshow_slide swiper-slide\"><figure><img data-recalc-dims=\"1\" loading=\"lazy\" decoding=\"async\" width=\"320\" height=\"240\" alt=\"\" class=\"wp-block-jetpack-slideshow_image wp-image-48223\" data-id=\"48223\" src=\"https:\/\/i0.wp.com\/finnairinsukeltajat.fi\/wp-content\/uploads\/2020\/11\/2002pikkubarbara.jpg?resize=320%2C240\" srcset=\"https:\/\/i0.wp.com\/finnairinsukeltajat.fi\/wp-content\/uploads\/2020\/11\/2002pikkubarbara.jpg?w=320 320w, https:\/\/i0.wp.com\/finnairinsukeltajat.fi\/wp-content\/uploads\/2020\/11\/2002pikkubarbara.jpg?resize=300%2C225 300w\" sizes=\"(max-width: 320px) 100vw, 320px\" \/><figcaption class=\"wp-block-jetpack-slideshow_caption gallery-caption\">Pikku Barbara palveli meit\u00e4 j\u00e4lleen<\/figcaption><\/figure><\/li><li class=\"wp-block-jetpack-slideshow_slide swiper-slide\"><figure><img data-recalc-dims=\"1\" loading=\"lazy\" decoding=\"async\" width=\"409\" height=\"230\" alt=\"\" class=\"wp-block-jetpack-slideshow_image wp-image-48222\" data-id=\"48222\" src=\"https:\/\/i0.wp.com\/finnairinsukeltajat.fi\/wp-content\/uploads\/2020\/11\/2002pirtu1.jpg?resize=409%2C230\" srcset=\"https:\/\/i0.wp.com\/finnairinsukeltajat.fi\/wp-content\/uploads\/2020\/11\/2002pirtu1.jpg?w=409 409w, https:\/\/i0.wp.com\/finnairinsukeltajat.fi\/wp-content\/uploads\/2020\/11\/2002pirtu1.jpg?resize=300%2C169 300w\" sizes=\"(max-width: 409px) 100vw, 409px\" \/><figcaption class=\"wp-block-jetpack-slideshow_caption gallery-caption\">Aspharun kyljess\u00e4. Jollain on kylm\u00e4? Esa, Joke, Janne,Poma, Kari, Jaana ja Johku<\/figcaption><\/figure><\/li><li class=\"wp-block-jetpack-slideshow_slide swiper-slide\"><figure><img data-recalc-dims=\"1\" loading=\"lazy\" decoding=\"async\" width=\"312\" height=\"273\" alt=\"\" class=\"wp-block-jetpack-slideshow_image wp-image-48221\" data-id=\"48221\" src=\"https:\/\/i0.wp.com\/finnairinsukeltajat.fi\/wp-content\/uploads\/2020\/11\/2002sanoitus2.jpg?resize=312%2C273\" srcset=\"https:\/\/i0.wp.com\/finnairinsukeltajat.fi\/wp-content\/uploads\/2020\/11\/2002sanoitus2.jpg?w=312 312w, https:\/\/i0.wp.com\/finnairinsukeltajat.fi\/wp-content\/uploads\/2020\/11\/2002sanoitus2.jpg?resize=300%2C263 300w\" sizes=\"(max-width: 312px) 100vw, 312px\" \/><figcaption class=\"wp-block-jetpack-slideshow_caption gallery-caption\">Minna ja Jaana tekev\u00e4t sanoituksia lauluihin jotka esitettiin l\u00e4ksi\u00e4isjuhlissa<\/figcaption><\/figure><\/li><li class=\"wp-block-jetpack-slideshow_slide swiper-slide\"><figure><img data-recalc-dims=\"1\" loading=\"lazy\" decoding=\"async\" width=\"230\" height=\"195\" alt=\"\" class=\"wp-block-jetpack-slideshow_image wp-image-48220\" data-id=\"48220\" src=\"https:\/\/i0.wp.com\/finnairinsukeltajat.fi\/wp-content\/uploads\/2020\/11\/2002karilaulaa.jpg?resize=230%2C195\"\/><figcaption class=\"wp-block-jetpack-slideshow_caption gallery-caption\">Karikin haluaa laulaa eik\u00e4 kukaan ehtinyt est\u00e4\u00e4<\/figcaption><\/figure><\/li><li class=\"wp-block-jetpack-slideshow_slide swiper-slide\"><figure><img data-recalc-dims=\"1\" loading=\"lazy\" decoding=\"async\" width=\"253\" height=\"294\" alt=\"\" class=\"wp-block-jetpack-slideshow_image wp-image-48219\" data-id=\"48219\" src=\"https:\/\/i0.wp.com\/finnairinsukeltajat.fi\/wp-content\/uploads\/2020\/11\/2002jyka.jpg?resize=253%2C294\"\/><figcaption class=\"wp-block-jetpack-slideshow_caption gallery-caption\">Jyk\u00e4 v\u00e4lill\u00e4 ilman kitaraa<\/figcaption><\/figure><\/li><li class=\"wp-block-jetpack-slideshow_slide swiper-slide\"><figure><img data-recalc-dims=\"1\" loading=\"lazy\" decoding=\"async\" width=\"281\" height=\"213\" alt=\"\" class=\"wp-block-jetpack-slideshow_image wp-image-48218\" data-id=\"48218\" src=\"https:\/\/i0.wp.com\/finnairinsukeltajat.fi\/wp-content\/uploads\/2020\/11\/kumppari.jpg?resize=281%2C213\"\/><figcaption class=\"wp-block-jetpack-slideshow_caption gallery-caption\">Vauhdin hurmaa Barbaralla Jyk\u00e4, Ela ja Minna<\/figcaption><\/figure><\/li><li class=\"wp-block-jetpack-slideshow_slide swiper-slide\"><figure><img data-recalc-dims=\"1\" loading=\"lazy\" decoding=\"async\" width=\"270\" height=\"203\" alt=\"\" class=\"wp-block-jetpack-slideshow_image wp-image-48217\" data-id=\"48217\" src=\"https:\/\/i0.wp.com\/finnairinsukeltajat.fi\/wp-content\/uploads\/2020\/11\/2002rapuja.jpg?resize=270%2C203\"\/><figcaption class=\"wp-block-jetpack-slideshow_caption gallery-caption\">Yhten\u00e4 iltana pidimme rapu juhlat. Em\u00e4nt\u00e4n\u00e4 toimi Jaana ja is\u00e4nt\u00e4n\u00e4 Make<\/figcaption><\/figure><\/li><li class=\"wp-block-jetpack-slideshow_slide swiper-slide\"><figure><img data-recalc-dims=\"1\" loading=\"lazy\" decoding=\"async\" width=\"272\" height=\"204\" alt=\"\" class=\"wp-block-jetpack-slideshow_image wp-image-48216\" data-id=\"48216\" src=\"https:\/\/i0.wp.com\/finnairinsukeltajat.fi\/wp-content\/uploads\/2020\/11\/2002rapuja2.jpg?resize=272%2C204\"\/><figcaption class=\"wp-block-jetpack-slideshow_caption gallery-caption\">Rapujuhlat onnistuivat ja ravut maistuivat kaikille<\/figcaption><\/figure><\/li><li class=\"wp-block-jetpack-slideshow_slide swiper-slide\"><figure><img data-recalc-dims=\"1\" loading=\"lazy\" decoding=\"async\" width=\"384\" height=\"288\" alt=\"\" class=\"wp-block-jetpack-slideshow_image wp-image-48215\" data-id=\"48215\" src=\"https:\/\/i0.wp.com\/finnairinsukeltajat.fi\/wp-content\/uploads\/2020\/11\/2002orego.jpg?resize=384%2C288\" srcset=\"https:\/\/i0.wp.com\/finnairinsukeltajat.fi\/wp-content\/uploads\/2020\/11\/2002orego.jpg?w=384 384w, https:\/\/i0.wp.com\/finnairinsukeltajat.fi\/wp-content\/uploads\/2020\/11\/2002orego.jpg?resize=300%2C225 300w\" sizes=\"(max-width: 384px) 100vw, 384px\" \/><figcaption class=\"wp-block-jetpack-slideshow_caption gallery-caption\">Yhden illan ohjemana oli leffa ja iltapala Hangon Oregossa<\/figcaption><\/figure><\/li><li class=\"wp-block-jetpack-slideshow_slide swiper-slide\"><figure><img data-recalc-dims=\"1\" loading=\"lazy\" decoding=\"async\" width=\"314\" height=\"209\" alt=\"\" class=\"wp-block-jetpack-slideshow_image wp-image-48214\" data-id=\"48214\" src=\"https:\/\/i0.wp.com\/finnairinsukeltajat.fi\/wp-content\/uploads\/2020\/11\/riia2002.jpg?resize=314%2C209\" srcset=\"https:\/\/i0.wp.com\/finnairinsukeltajat.fi\/wp-content\/uploads\/2020\/11\/riia2002.jpg?w=314 314w, https:\/\/i0.wp.com\/finnairinsukeltajat.fi\/wp-content\/uploads\/2020\/11\/riia2002.jpg?resize=300%2C200 300w\" sizes=\"(max-width: 314px) 100vw, 314px\" \/><figcaption class=\"wp-block-jetpack-slideshow_caption gallery-caption\">Riia<\/figcaption><\/figure><\/li><li class=\"wp-block-jetpack-slideshow_slide swiper-slide\"><figure><img data-recalc-dims=\"1\" loading=\"lazy\" decoding=\"async\" width=\"227\" height=\"242\" alt=\"\" class=\"wp-block-jetpack-slideshow_image wp-image-48213\" data-id=\"48213\" src=\"https:\/\/i0.wp.com\/finnairinsukeltajat.fi\/wp-content\/uploads\/2020\/11\/ilmakitara.jpg?resize=227%2C242\"\/><figcaption class=\"wp-block-jetpack-slideshow_caption gallery-caption\">Ilmakitarasta on tullut leirin juttu ja Kimmon CD:ll\u00e4 saimme kunnon soitot aikaan. Jaana ja Kari<\/figcaption><\/figure><\/li><li class=\"wp-block-jetpack-slideshow_slide swiper-slide\"><figure><img data-recalc-dims=\"1\" loading=\"lazy\" decoding=\"async\" width=\"213\" height=\"319\" alt=\"\" class=\"wp-block-jetpack-slideshow_image wp-image-48212\" data-id=\"48212\" src=\"https:\/\/i0.wp.com\/finnairinsukeltajat.fi\/wp-content\/uploads\/2020\/11\/pomaostika.jpg?resize=213%2C319\" srcset=\"https:\/\/i0.wp.com\/finnairinsukeltajat.fi\/wp-content\/uploads\/2020\/11\/pomaostika.jpg?w=213 213w, https:\/\/i0.wp.com\/finnairinsukeltajat.fi\/wp-content\/uploads\/2020\/11\/pomaostika.jpg?resize=200%2C300 200w\" sizes=\"(max-width: 213px) 100vw, 213px\" \/><figcaption class=\"wp-block-jetpack-slideshow_caption gallery-caption\">Kaveria auttaen, Poma ja \u00d6stika<\/figcaption><\/figure><\/li><li class=\"wp-block-jetpack-slideshow_slide swiper-slide\"><figure><img data-recalc-dims=\"1\" loading=\"lazy\" decoding=\"async\" width=\"340\" height=\"254\" alt=\"\" class=\"wp-block-jetpack-slideshow_image wp-image-48211\" data-id=\"48211\" src=\"https:\/\/i0.wp.com\/finnairinsukeltajat.fi\/wp-content\/uploads\/2020\/11\/2002kattopallo.jpg?resize=340%2C254\" srcset=\"https:\/\/i0.wp.com\/finnairinsukeltajat.fi\/wp-content\/uploads\/2020\/11\/2002kattopallo.jpg?w=340 340w, https:\/\/i0.wp.com\/finnairinsukeltajat.fi\/wp-content\/uploads\/2020\/11\/2002kattopallo.jpg?resize=300%2C224 300w\" sizes=\"(max-width: 340px) 100vw, 340px\" \/><figcaption class=\"wp-block-jetpack-slideshow_caption gallery-caption\">T\u00e4ss\u00e4 uusi peli leireille &#8221;kattopallo&#8221;, Janne juuri ly\u00f6nyt palloa<\/figcaption><\/figure><\/li><li class=\"wp-block-jetpack-slideshow_slide swiper-slide\"><figure><img data-recalc-dims=\"1\" loading=\"lazy\" decoding=\"async\" width=\"284\" height=\"195\" alt=\"\" class=\"wp-block-jetpack-slideshow_image wp-image-48210\" data-id=\"48210\" src=\"https:\/\/i0.wp.com\/finnairinsukeltajat.fi\/wp-content\/uploads\/2020\/11\/2002terassi.jpg?resize=284%2C195\"\/><figcaption class=\"wp-block-jetpack-slideshow_caption gallery-caption\">Ja v\u00e4lill\u00e4 Ingen terassilla. Huomaa keli<\/figcaption><\/figure><\/li><li class=\"wp-block-jetpack-slideshow_slide swiper-slide\"><figure><img data-recalc-dims=\"1\" loading=\"lazy\" decoding=\"async\" width=\"360\" height=\"270\" alt=\"\" class=\"wp-block-jetpack-slideshow_image wp-image-48205\" data-id=\"48205\" src=\"https:\/\/i0.wp.com\/finnairinsukeltajat.fi\/wp-content\/uploads\/2020\/11\/2002kasa.jpg?resize=360%2C270\" srcset=\"https:\/\/i0.wp.com\/finnairinsukeltajat.fi\/wp-content\/uploads\/2020\/11\/2002kasa.jpg?w=360 360w, https:\/\/i0.wp.com\/finnairinsukeltajat.fi\/wp-content\/uploads\/2020\/11\/2002kasa.jpg?resize=300%2C225 300w\" sizes=\"(max-width: 360px) 100vw, 360px\" \/><figcaption class=\"wp-block-jetpack-slideshow_caption gallery-caption\">Ja &#8221;kasa&#8221; kuuluu my\u00f6s ohjelmaan<\/figcaption><\/figure><\/li><li class=\"wp-block-jetpack-slideshow_slide swiper-slide\"><figure><img data-recalc-dims=\"1\" loading=\"lazy\" decoding=\"async\" width=\"331\" height=\"221\" alt=\"\" class=\"wp-block-jetpack-slideshow_image wp-image-48209\" data-id=\"48209\" src=\"https:\/\/i0.wp.com\/finnairinsukeltajat.fi\/wp-content\/uploads\/2020\/11\/lastaus.jpg?resize=331%2C221\" srcset=\"https:\/\/i0.wp.com\/finnairinsukeltajat.fi\/wp-content\/uploads\/2020\/11\/lastaus.jpg?w=331 331w, https:\/\/i0.wp.com\/finnairinsukeltajat.fi\/wp-content\/uploads\/2020\/11\/lastaus.jpg?resize=300%2C200 300w\" sizes=\"(max-width: 331px) 100vw, 331px\" \/><figcaption class=\"wp-block-jetpack-slideshow_caption gallery-caption\">Ja taas ollaan menossa<\/figcaption><\/figure><\/li><li class=\"wp-block-jetpack-slideshow_slide swiper-slide\"><figure><img data-recalc-dims=\"1\" loading=\"lazy\" decoding=\"async\" width=\"213\" height=\"319\" alt=\"\" class=\"wp-block-jetpack-slideshow_image wp-image-48208\" data-id=\"48208\" src=\"https:\/\/i0.wp.com\/finnairinsukeltajat.fi\/wp-content\/uploads\/2020\/11\/kimmo1.jpg?resize=213%2C319\" srcset=\"https:\/\/i0.wp.com\/finnairinsukeltajat.fi\/wp-content\/uploads\/2020\/11\/kimmo1.jpg?w=213 213w, https:\/\/i0.wp.com\/finnairinsukeltajat.fi\/wp-content\/uploads\/2020\/11\/kimmo1.jpg?resize=200%2C300 200w\" sizes=\"(max-width: 213px) 100vw, 213px\" \/><figcaption class=\"wp-block-jetpack-slideshow_caption gallery-caption\">Jokos kaikki tuli yl\u00f6s? Kimmo<\/figcaption><\/figure><\/li><li class=\"wp-block-jetpack-slideshow_slide swiper-slide\"><figure><img data-recalc-dims=\"1\" loading=\"lazy\" decoding=\"async\" width=\"197\" height=\"295\" alt=\"\" class=\"wp-block-jetpack-slideshow_image wp-image-48207\" data-id=\"48207\" src=\"https:\/\/i0.wp.com\/finnairinsukeltajat.fi\/wp-content\/uploads\/2020\/11\/kolmekaupoita.jpg?resize=197%2C295\"\/><figcaption class=\"wp-block-jetpack-slideshow_caption gallery-caption\">&#8221;Kolme kaupoita rats&#8230;&#8221; Joke, Janne ja \u00d6stika<\/figcaption><\/figure><\/li><li class=\"wp-block-jetpack-slideshow_slide swiper-slide\"><figure><img data-recalc-dims=\"1\" loading=\"lazy\" decoding=\"async\" width=\"400\" height=\"300\" alt=\"\" class=\"wp-block-jetpack-slideshow_image wp-image-48206\" data-id=\"48206\" src=\"https:\/\/i0.wp.com\/finnairinsukeltajat.fi\/wp-content\/uploads\/2020\/11\/2002ryhma.jpg?resize=400%2C300\" srcset=\"https:\/\/i0.wp.com\/finnairinsukeltajat.fi\/wp-content\/uploads\/2020\/11\/2002ryhma.jpg?w=400 400w, https:\/\/i0.wp.com\/finnairinsukeltajat.fi\/wp-content\/uploads\/2020\/11\/2002ryhma.jpg?resize=300%2C225 300w\" sizes=\"(max-width: 400px) 100vw, 400px\" \/><figcaption class=\"wp-block-jetpack-slideshow_caption gallery-caption\">Ja sitten suunta arvokkaasti lopettajaisiin ja Ingen viimeisiin juhliin Ingelle oli keinutuoli ja Vivanille puutarha v\u00e4lineit\u00e4<\/figcaption><\/figure><\/li><\/ul><a class=\"wp-block-jetpack-slideshow_button-prev swiper-button-prev swiper-button-white\" role=\"button\"><\/a><a class=\"wp-block-jetpack-slideshow_button-next swiper-button-next swiper-button-white\" role=\"button\"><\/a><a aria-label=\"Pause Slideshow\" class=\"wp-block-jetpack-slideshow_button-pause\" role=\"button\"><\/a><div class=\"wp-block-jetpack-slideshow_pagination swiper-pagination swiper-pagination-white\"><\/div><\/div><\/div>\n\n\n\n<div class=\"wp-block-jetpack-slideshow aligncenter\" data-effect=\"slide\"><div class=\"wp-block-jetpack-slideshow_container swiper-container\"><ul class=\"wp-block-jetpack-slideshow_swiper-wrapper swiper-wrapper\"><li class=\"wp-block-jetpack-slideshow_slide swiper-slide\"><figure><img data-recalc-dims=\"1\" loading=\"lazy\" decoding=\"async\" width=\"214\" height=\"298\" alt=\"\" class=\"wp-block-jetpack-slideshow_image wp-image-48236\" data-id=\"48236\" src=\"https:\/\/i0.wp.com\/finnairinsukeltajat.fi\/wp-content\/uploads\/2020\/11\/jyka1.jpg?resize=214%2C298\"\/><figcaption class=\"wp-block-jetpack-slideshow_caption gallery-caption\">Jyk\u00e4, jokapaikan h\u00f6yl\u00e4<\/figcaption><\/figure><\/li><li class=\"wp-block-jetpack-slideshow_slide swiper-slide\"><figure><img data-recalc-dims=\"1\" loading=\"lazy\" decoding=\"async\" width=\"244\" height=\"259\" alt=\"\" class=\"wp-block-jetpack-slideshow_image wp-image-48235\" data-id=\"48235\" src=\"https:\/\/i0.wp.com\/finnairinsukeltajat.fi\/wp-content\/uploads\/2020\/11\/kari1.jpg?resize=244%2C259\"\/><figcaption class=\"wp-block-jetpack-slideshow_caption gallery-caption\">Kari.. ai mik\u00e4 Kari&#8230;<\/figcaption><\/figure><\/li><li class=\"wp-block-jetpack-slideshow_slide swiper-slide\"><figure><img data-recalc-dims=\"1\" loading=\"lazy\" decoding=\"async\" width=\"235\" height=\"310\" alt=\"\" class=\"wp-block-jetpack-slideshow_image wp-image-48234\" data-id=\"48234\" src=\"https:\/\/i0.wp.com\/finnairinsukeltajat.fi\/wp-content\/uploads\/2020\/11\/ela1.jpg?resize=235%2C310\" srcset=\"https:\/\/i0.wp.com\/finnairinsukeltajat.fi\/wp-content\/uploads\/2020\/11\/ela1.jpg?w=235 235w, https:\/\/i0.wp.com\/finnairinsukeltajat.fi\/wp-content\/uploads\/2020\/11\/ela1.jpg?resize=227%2C300 227w\" sizes=\"(max-width: 235px) 100vw, 235px\" \/><figcaption class=\"wp-block-jetpack-slideshow_caption gallery-caption\">Ela, aina yht\u00e4 hymy\u00e4<\/figcaption><\/figure><\/li><li class=\"wp-block-jetpack-slideshow_slide swiper-slide\"><figure><img data-recalc-dims=\"1\" loading=\"lazy\" decoding=\"async\" width=\"245\" height=\"310\" alt=\"\" class=\"wp-block-jetpack-slideshow_image wp-image-48233\" data-id=\"48233\" src=\"https:\/\/i0.wp.com\/finnairinsukeltajat.fi\/wp-content\/uploads\/2020\/11\/esa1.jpg?resize=245%2C310\" srcset=\"https:\/\/i0.wp.com\/finnairinsukeltajat.fi\/wp-content\/uploads\/2020\/11\/esa1.jpg?w=245 245w, https:\/\/i0.wp.com\/finnairinsukeltajat.fi\/wp-content\/uploads\/2020\/11\/esa1.jpg?resize=237%2C300 237w\" sizes=\"(max-width: 245px) 100vw, 245px\" \/><figcaption class=\"wp-block-jetpack-slideshow_caption gallery-caption\">Esa, Paappa, aina (viel\u00e4) mukana<\/figcaption><\/figure><\/li><li class=\"wp-block-jetpack-slideshow_slide swiper-slide\"><figure><img data-recalc-dims=\"1\" loading=\"lazy\" decoding=\"async\" width=\"203\" height=\"257\" alt=\"\" class=\"wp-block-jetpack-slideshow_image wp-image-48228\" data-id=\"48228\" src=\"https:\/\/i0.wp.com\/finnairinsukeltajat.fi\/wp-content\/uploads\/2020\/11\/heka1.jpg?resize=203%2C257\"\/><figcaption class=\"wp-block-jetpack-slideshow_caption gallery-caption\">Heka, mietiskelij\u00e4<\/figcaption><\/figure><\/li><li class=\"wp-block-jetpack-slideshow_slide swiper-slide\"><figure><img data-recalc-dims=\"1\" loading=\"lazy\" decoding=\"async\" width=\"165\" height=\"266\" alt=\"\" class=\"wp-block-jetpack-slideshow_image wp-image-48232\" data-id=\"48232\" src=\"https:\/\/i0.wp.com\/finnairinsukeltajat.fi\/wp-content\/uploads\/2020\/11\/hese1.jpg?resize=165%2C266\"\/><figcaption class=\"wp-block-jetpack-slideshow_caption gallery-caption\">Hese, kaunis sihteerimme<\/figcaption><\/figure><\/li><li class=\"wp-block-jetpack-slideshow_slide swiper-slide\"><figure><img data-recalc-dims=\"1\" loading=\"lazy\" decoding=\"async\" width=\"280\" height=\"301\" alt=\"\" class=\"wp-block-jetpack-slideshow_image wp-image-48231\" data-id=\"48231\" src=\"https:\/\/i0.wp.com\/finnairinsukeltajat.fi\/wp-content\/uploads\/2020\/11\/poma1.jpg?resize=280%2C301\"\/><figcaption class=\"wp-block-jetpack-slideshow_caption gallery-caption\">Poma, kippari ja kaikessa mukana<\/figcaption><\/figure><\/li><li class=\"wp-block-jetpack-slideshow_slide swiper-slide\"><figure><img data-recalc-dims=\"1\" loading=\"lazy\" decoding=\"async\" width=\"233\" height=\"311\" alt=\"\" class=\"wp-block-jetpack-slideshow_image wp-image-48230\" data-id=\"48230\" src=\"https:\/\/i0.wp.com\/finnairinsukeltajat.fi\/wp-content\/uploads\/2020\/11\/johanna2.jpg?resize=233%2C311\" srcset=\"https:\/\/i0.wp.com\/finnairinsukeltajat.fi\/wp-content\/uploads\/2020\/11\/johanna2.jpg?w=233 233w, https:\/\/i0.wp.com\/finnairinsukeltajat.fi\/wp-content\/uploads\/2020\/11\/johanna2.jpg?resize=225%2C300 225w\" sizes=\"(max-width: 233px) 100vw, 233px\" \/><figcaption class=\"wp-block-jetpack-slideshow_caption gallery-caption\">Johku, positiivist\u00e4<\/figcaption><\/figure><\/li><li class=\"wp-block-jetpack-slideshow_slide swiper-slide\"><figure><img data-recalc-dims=\"1\" loading=\"lazy\" decoding=\"async\" width=\"201\" height=\"276\" alt=\"\" class=\"wp-block-jetpack-slideshow_image wp-image-48229\" data-id=\"48229\" src=\"https:\/\/i0.wp.com\/finnairinsukeltajat.fi\/wp-content\/uploads\/2020\/11\/joke1.jpg?resize=201%2C276\"\/><figcaption class=\"wp-block-jetpack-slideshow_caption gallery-caption\">Joke, hmmm&#8230;<\/figcaption><\/figure><\/li><\/ul><a class=\"wp-block-jetpack-slideshow_button-prev swiper-button-prev swiper-button-white\" role=\"button\"><\/a><a class=\"wp-block-jetpack-slideshow_button-next swiper-button-next swiper-button-white\" role=\"button\"><\/a><a aria-label=\"Pause Slideshow\" class=\"wp-block-jetpack-slideshow_button-pause\" role=\"button\"><\/a><div class=\"wp-block-jetpack-slideshow_pagination swiper-pagination swiper-pagination-white\"><\/div><\/div><\/div>\n","protected":false},"excerpt":{"rendered":"<p>Vietimme syysleirin upeassa s\u00e4\u00e4ss\u00e4. Ainoastaan alun kovat tuulet hieman haittasivat. Vesikin j\u00e4\u00e4htyi ja n\u00e4kyvyydet parani. Ainoan suuren menetyksen koimme Eggolla, kun joku on viennyt\/nostanut pelastusveneen hylyn kupeesta. Ingekin lopetti toimintansa ja vietimme lopettajaisissa my\u00f6s hell\u00e4t j\u00e4\u00e4hyv\u00e4iset.<\/p>\n","protected":false},"author":1,"featured_media":48206,"comment_status":"closed","ping_status":"closed","sticky":false,"template":"","format":"standard","meta":{"_jetpack_memberships_contains_paid_content":false,"footnotes":""},"categories":[19],"tags":[],"class_list":["post-48201","post","type-post","status-publish","format-standard","has-post-thumbnail","hentry","category-leirit"],"jetpack_featured_media_url":"https:\/\/i0.wp.com\/finnairinsukeltajat.fi\/wp-content\/uploads\/2020\/11\/2002ryhma.jpg?fit=400%2C300","jetpack_sharing_enabled":true,"_links":{"self":[{"href":"http:\/\/finnairinsukeltajat.fi\/index.php?rest_route=\/wp\/v2\/posts\/48201","targetHints":{"allow":["GET"]}}],"collection":[{"href":"http:\/\/finnairinsukeltajat.fi\/index.php?rest_route=\/wp\/v2\/posts"}],"about":[{"href":"http:\/\/finnairinsukeltajat.fi\/index.php?rest_route=\/wp\/v2\/types\/post"}],"author":[{"embeddable":true,"href":"http:\/\/finnairinsukeltajat.fi\/index.php?rest_route=\/wp\/v2\/users\/1"}],"replies":[{"embeddable":true,"href":"http:\/\/finnairinsukeltajat.fi\/index.php?rest_route=%2Fwp%2Fv2%2Fcomments&post=48201"}],"version-history":[{"count":4,"href":"http:\/\/finnairinsukeltajat.fi\/index.php?rest_route=\/wp\/v2\/posts\/48201\/revisions"}],"predecessor-version":[{"id":48238,"href":"http:\/\/finnairinsukeltajat.fi\/index.php?rest_route=\/wp\/v2\/posts\/48201\/revisions\/48238"}],"wp:featuredmedia":[{"embeddable":true,"href":"http:\/\/finnairinsukeltajat.fi\/index.php?rest_route=\/wp\/v2\/media\/48206"}],"wp:attachment":[{"href":"http:\/\/finnairinsukeltajat.fi\/index.php?rest_route=%2Fwp%2Fv2%2Fmedia&parent=48201"}],"wp:term":[{"taxonomy":"category","embeddable":true,"href":"http:\/\/finnairinsukeltajat.fi\/index.php?rest_route=%2Fwp%2Fv2%2Fcategories&post=48201"},{"taxonomy":"post_tag","embeddable":true,"href":"http:\/\/finnairinsukeltajat.fi\/index.php?rest_route=%2Fwp%2Fv2%2Ftags&post=48201"}],"curies":[{"name":"wp","href":"https:\/\/api.w.org\/{rel}","templated":true}]}}