{"id":48634,"date":"2008-05-30T17:57:00","date_gmt":"2008-05-30T14:57:00","guid":{"rendered":"http:\/\/finnairinsukeltajat.fi\/?p=48634"},"modified":"2020-12-28T18:09:10","modified_gmt":"2020-12-28T16:09:10","slug":"nemo-bryssel-2008","status":"publish","type":"post","link":"http:\/\/finnairinsukeltajat.fi\/?p=48634","title":{"rendered":"Nemo 33, Bryssel 2008"},"content":{"rendered":"\n<h5 class=\"wp-block-heading\">Nemo 33<\/h5>\n\n\n\n<p>Sukeltaja -lehdess\u00e4 oli juttu Brysseliss\u00e4 olevasta syv\u00e4st\u00e4 kaikille avoimesta altaasta. Niinp\u00e4 Timo Lammi k\u00e4vikin poikansa Panun kanssa tutustumassa t\u00e4h\u00e4n. <\/p>\n\n\n\n<p>Juttuakin on tulossa, mutta sill\u00e4 aikaa voitte katsella Timon kuvia ja linkist\u00e4 p\u00e4\u00e4sette tutustumaan <a href=\"https:\/\/www.nemo33.com\/en\/\" data-type=\"URL\" data-id=\"https:\/\/www.nemo33.com\/en\/\">altaan kotisivuille<\/a>.<\/p>\n\n\n\n<div class=\"wp-block-jetpack-slideshow aligncenter\" data-effect=\"slide\"><div class=\"wp-block-jetpack-slideshow_container swiper-container\"><ul class=\"wp-block-jetpack-slideshow_swiper-wrapper swiper-wrapper\"><li class=\"wp-block-jetpack-slideshow_slide swiper-slide\"><figure><img data-recalc-dims=\"1\" loading=\"lazy\" decoding=\"async\" width=\"512\" height=\"384\" alt=\"\" class=\"wp-block-jetpack-slideshow_image wp-image-48639\" data-id=\"48639\" src=\"https:\/\/i0.wp.com\/finnairinsukeltajat.fi\/wp-content\/uploads\/2020\/12\/loppuvuosi2007061.jpg?resize=512%2C384\" srcset=\"https:\/\/i0.wp.com\/finnairinsukeltajat.fi\/wp-content\/uploads\/2020\/12\/loppuvuosi2007061.jpg?w=512 512w, https:\/\/i0.wp.com\/finnairinsukeltajat.fi\/wp-content\/uploads\/2020\/12\/loppuvuosi2007061.jpg?resize=300%2C225 300w\" sizes=\"(max-width: 512px) 100vw, 512px\" \/><figcaption class=\"wp-block-jetpack-slideshow_caption gallery-caption\">Nemo33 maailman syvin &#8221;uima-allas&#8221; 33m Brysseliss\u00e4<\/figcaption><\/figure><\/li><li class=\"wp-block-jetpack-slideshow_slide swiper-slide\"><figure><img data-recalc-dims=\"1\" loading=\"lazy\" decoding=\"async\" width=\"512\" height=\"384\" alt=\"\" class=\"wp-block-jetpack-slideshow_image wp-image-48638\" data-id=\"48638\" src=\"https:\/\/i0.wp.com\/finnairinsukeltajat.fi\/wp-content\/uploads\/2020\/12\/loppuvuosi2007060.jpg?resize=512%2C384\" srcset=\"https:\/\/i0.wp.com\/finnairinsukeltajat.fi\/wp-content\/uploads\/2020\/12\/loppuvuosi2007060.jpg?w=512 512w, https:\/\/i0.wp.com\/finnairinsukeltajat.fi\/wp-content\/uploads\/2020\/12\/loppuvuosi2007060.jpg?resize=300%2C225 300w\" sizes=\"(max-width: 512px) 100vw, 512px\" \/><figcaption class=\"wp-block-jetpack-slideshow_caption gallery-caption\">Syv\u00e4 on<\/figcaption><\/figure><\/li><li class=\"wp-block-jetpack-slideshow_slide swiper-slide\"><figure><img data-recalc-dims=\"1\" loading=\"lazy\" decoding=\"async\" width=\"512\" height=\"384\" alt=\"\" class=\"wp-block-jetpack-slideshow_image wp-image-48637\" data-id=\"48637\" src=\"https:\/\/i0.wp.com\/finnairinsukeltajat.fi\/wp-content\/uploads\/2020\/12\/loppuvuosi2007052.jpg?resize=512%2C384\" srcset=\"https:\/\/i0.wp.com\/finnairinsukeltajat.fi\/wp-content\/uploads\/2020\/12\/loppuvuosi2007052.jpg?w=512 512w, https:\/\/i0.wp.com\/finnairinsukeltajat.fi\/wp-content\/uploads\/2020\/12\/loppuvuosi2007052.jpg?resize=300%2C225 300w\" sizes=\"(max-width: 512px) 100vw, 512px\" \/><figcaption class=\"wp-block-jetpack-slideshow_caption gallery-caption\">Panu<\/figcaption><\/figure><\/li><li class=\"wp-block-jetpack-slideshow_slide swiper-slide\"><figure><img data-recalc-dims=\"1\" loading=\"lazy\" decoding=\"async\" width=\"512\" height=\"384\" alt=\"\" class=\"wp-block-jetpack-slideshow_image wp-image-48640\" data-id=\"48640\" src=\"https:\/\/i0.wp.com\/finnairinsukeltajat.fi\/wp-content\/uploads\/2020\/12\/loppuvuosi2007067.jpg?resize=512%2C384\" srcset=\"https:\/\/i0.wp.com\/finnairinsukeltajat.fi\/wp-content\/uploads\/2020\/12\/loppuvuosi2007067.jpg?w=512 512w, https:\/\/i0.wp.com\/finnairinsukeltajat.fi\/wp-content\/uploads\/2020\/12\/loppuvuosi2007067.jpg?resize=300%2C225 300w\" sizes=\"(max-width: 512px) 100vw, 512px\" \/><figcaption class=\"wp-block-jetpack-slideshow_caption gallery-caption\">Panu ja Timo ilmataskussa, jossa my\u00f6s ilma vaihtui<\/figcaption><\/figure><\/li><li class=\"wp-block-jetpack-slideshow_slide swiper-slide\"><figure><img data-recalc-dims=\"1\" loading=\"lazy\" decoding=\"async\" width=\"512\" height=\"384\" alt=\"\" class=\"wp-block-jetpack-slideshow_image wp-image-48641\" data-id=\"48641\" src=\"https:\/\/i0.wp.com\/finnairinsukeltajat.fi\/wp-content\/uploads\/2020\/12\/loppuvuosi2007068.jpg?resize=512%2C384\" srcset=\"https:\/\/i0.wp.com\/finnairinsukeltajat.fi\/wp-content\/uploads\/2020\/12\/loppuvuosi2007068.jpg?w=512 512w, https:\/\/i0.wp.com\/finnairinsukeltajat.fi\/wp-content\/uploads\/2020\/12\/loppuvuosi2007068.jpg?resize=300%2C225 300w\" sizes=\"(max-width: 512px) 100vw, 512px\" \/><figcaption class=\"wp-block-jetpack-slideshow_caption gallery-caption\">Panu ja Timo ilmataskussa, jossa my\u00f6s ilma vaihtui<\/figcaption><\/figure><\/li><li class=\"wp-block-jetpack-slideshow_slide swiper-slide\"><figure><img data-recalc-dims=\"1\" loading=\"lazy\" decoding=\"async\" width=\"512\" height=\"384\" alt=\"\" class=\"wp-block-jetpack-slideshow_image wp-image-48642\" data-id=\"48642\" src=\"https:\/\/i0.wp.com\/finnairinsukeltajat.fi\/wp-content\/uploads\/2020\/12\/loppuvuosi2007078.jpg?resize=512%2C384\" srcset=\"https:\/\/i0.wp.com\/finnairinsukeltajat.fi\/wp-content\/uploads\/2020\/12\/loppuvuosi2007078.jpg?w=512 512w, https:\/\/i0.wp.com\/finnairinsukeltajat.fi\/wp-content\/uploads\/2020\/12\/loppuvuosi2007078.jpg?resize=300%2C225 300w\" sizes=\"(max-width: 512px) 100vw, 512px\" \/><figcaption class=\"wp-block-jetpack-slideshow_caption gallery-caption\">Timo dekotasolla<\/figcaption><\/figure><\/li><\/ul><a class=\"wp-block-jetpack-slideshow_button-prev swiper-button-prev swiper-button-white\" role=\"button\"><\/a><a class=\"wp-block-jetpack-slideshow_button-next swiper-button-next swiper-button-white\" role=\"button\"><\/a><a aria-label=\"Pause Slideshow\" class=\"wp-block-jetpack-slideshow_button-pause\" role=\"button\"><\/a><div class=\"wp-block-jetpack-slideshow_pagination swiper-pagination swiper-pagination-white\"><\/div><\/div><\/div>\n","protected":false},"excerpt":{"rendered":"<p>Nemo 33 Sukeltaja -lehdess\u00e4 oli juttu Brysseliss\u00e4 olevasta syv\u00e4st\u00e4 kaikille avoimesta altaasta. Niinp\u00e4 Timo Lammi k\u00e4vikin poikansa Panun kanssa tutustumassa t\u00e4h\u00e4n. Juttuakin on tulossa, mutta sill\u00e4 aikaa voitte katsella Timon kuvia ja linkist\u00e4 p\u00e4\u00e4sette tutustumaan altaan kotisivuille.<\/p>\n","protected":false},"author":1,"featured_media":48639,"comment_status":"closed","ping_status":"closed","sticky":false,"template":"","format":"standard","meta":{"_jetpack_memberships_contains_paid_content":false,"footnotes":""},"categories":[22],"tags":[],"class_list":["post-48634","post","type-post","status-publish","format-standard","has-post-thumbnail","hentry","category-matkat"],"jetpack_featured_media_url":"https:\/\/i0.wp.com\/finnairinsukeltajat.fi\/wp-content\/uploads\/2020\/12\/loppuvuosi2007061.jpg?fit=512%2C384","jetpack_sharing_enabled":true,"_links":{"self":[{"href":"http:\/\/finnairinsukeltajat.fi\/index.php?rest_route=\/wp\/v2\/posts\/48634","targetHints":{"allow":["GET"]}}],"collection":[{"href":"http:\/\/finnairinsukeltajat.fi\/index.php?rest_route=\/wp\/v2\/posts"}],"about":[{"href":"http:\/\/finnairinsukeltajat.fi\/index.php?rest_route=\/wp\/v2\/types\/post"}],"author":[{"embeddable":true,"href":"http:\/\/finnairinsukeltajat.fi\/index.php?rest_route=\/wp\/v2\/users\/1"}],"replies":[{"embeddable":true,"href":"http:\/\/finnairinsukeltajat.fi\/index.php?rest_route=%2Fwp%2Fv2%2Fcomments&post=48634"}],"version-history":[{"count":3,"href":"http:\/\/finnairinsukeltajat.fi\/index.php?rest_route=\/wp\/v2\/posts\/48634\/revisions"}],"predecessor-version":[{"id":48644,"href":"http:\/\/finnairinsukeltajat.fi\/index.php?rest_route=\/wp\/v2\/posts\/48634\/revisions\/48644"}],"wp:featuredmedia":[{"embeddable":true,"href":"http:\/\/finnairinsukeltajat.fi\/index.php?rest_route=\/wp\/v2\/media\/48639"}],"wp:attachment":[{"href":"http:\/\/finnairinsukeltajat.fi\/index.php?rest_route=%2Fwp%2Fv2%2Fmedia&parent=48634"}],"wp:term":[{"taxonomy":"category","embeddable":true,"href":"http:\/\/finnairinsukeltajat.fi\/index.php?rest_route=%2Fwp%2Fv2%2Fcategories&post=48634"},{"taxonomy":"post_tag","embeddable":true,"href":"http:\/\/finnairinsukeltajat.fi\/index.php?rest_route=%2Fwp%2Fv2%2Ftags&post=48634"}],"curies":[{"name":"wp","href":"https:\/\/api.w.org\/{rel}","templated":true}]}}