{"id":48834,"date":"2004-05-23T23:56:00","date_gmt":"2004-05-23T20:56:00","guid":{"rendered":"http:\/\/finnairinsukeltajat.fi\/?p=48834"},"modified":"2020-12-29T17:02:25","modified_gmt":"2020-12-29T15:02:25","slug":"rantojen-putsaus-2004","status":"publish","type":"post","link":"http:\/\/finnairinsukeltajat.fi\/?p=48834","title":{"rendered":"Rantojen putsaus 2004"},"content":{"rendered":"\n<p>Sunnuntaina 23.5. saimme viimeisetkin rannat puhdistettua. Kyll\u00e4 kaikenn\u00e4k\u00f6ist\u00e4 kamaa l\u00f6ytyikin! <\/p>\n\n\n\n<p>Vapaaehtoiset saivat teht\u00e4v\u00e4kseen melkoisen urakan. Puheenjohtajan johdolla (kaikilla rannoilla) viidess\u00e4 p\u00e4iv\u00e4ss\u00e4 kilometreitt\u00e4in kahlaamista ja sukeltamista. Saimme my\u00f6s apua Merisukeltajista kun Ville oli kokoajan mukana. V\u00e4lill\u00e4 saimme nauttia tauoilla Jaanan kahveista ja grillasimmepa kerran makkaraakin. <\/p>\n\n\n\n<p>Kiitos kuuluu Pomalle, Villelle(MS), Jaanalle, Jarille, Jyk\u00e4lle, Jokelle, Kontiolle, Timolle ja h\u00e4nen pojalleen Heselle, Tuulalle, Jannelle, Makelle ja tietenkin veneen kippari Marelle!<\/p>\n\n\n\n<div class=\"wp-block-jetpack-slideshow aligncenter\" data-effect=\"slide\"><div class=\"wp-block-jetpack-slideshow_container swiper-container\"><ul class=\"wp-block-jetpack-slideshow_swiper-wrapper swiper-wrapper\"><li class=\"wp-block-jetpack-slideshow_slide swiper-slide\"><figure><img data-recalc-dims=\"1\" loading=\"lazy\" decoding=\"async\" width=\"312\" height=\"189\" alt=\"\" class=\"wp-block-jetpack-slideshow_image wp-image-48837\" data-id=\"48837\" src=\"https:\/\/i0.wp.com\/finnairinsukeltajat.fi\/wp-content\/uploads\/2020\/12\/rantaputsaus2.jpg?resize=312%2C189\" srcset=\"https:\/\/i0.wp.com\/finnairinsukeltajat.fi\/wp-content\/uploads\/2020\/12\/rantaputsaus2.jpg?w=312 312w, https:\/\/i0.wp.com\/finnairinsukeltajat.fi\/wp-content\/uploads\/2020\/12\/rantaputsaus2.jpg?resize=300%2C182 300w\" sizes=\"(max-width: 312px) 100vw, 312px\" \/><figcaption class=\"wp-block-jetpack-slideshow_caption gallery-caption\">Kamat valmiiksi ja rantaa tarkastamaan<\/figcaption><\/figure><\/li><li class=\"wp-block-jetpack-slideshow_slide swiper-slide\"><figure><img data-recalc-dims=\"1\" loading=\"lazy\" decoding=\"async\" width=\"353\" height=\"236\" alt=\"\" class=\"wp-block-jetpack-slideshow_image wp-image-48840\" data-id=\"48840\" src=\"https:\/\/i0.wp.com\/finnairinsukeltajat.fi\/wp-content\/uploads\/2020\/12\/rantaputsaus5.jpg?resize=353%2C236\" srcset=\"https:\/\/i0.wp.com\/finnairinsukeltajat.fi\/wp-content\/uploads\/2020\/12\/rantaputsaus5.jpg?w=353 353w, https:\/\/i0.wp.com\/finnairinsukeltajat.fi\/wp-content\/uploads\/2020\/12\/rantaputsaus5.jpg?resize=300%2C201 300w\" sizes=\"(max-width: 353px) 100vw, 353px\" \/><figcaption class=\"wp-block-jetpack-slideshow_caption gallery-caption\">Mustaa kumia Vuosaaren rannassa<\/figcaption><\/figure><\/li><li class=\"wp-block-jetpack-slideshow_slide swiper-slide\"><figure><img data-recalc-dims=\"1\" loading=\"lazy\" decoding=\"async\" width=\"260\" height=\"213\" alt=\"\" class=\"wp-block-jetpack-slideshow_image wp-image-48842\" data-id=\"48842\" src=\"https:\/\/i0.wp.com\/finnairinsukeltajat.fi\/wp-content\/uploads\/2020\/12\/rantaputsaus7.jpg?resize=260%2C213\"\/><figcaption class=\"wp-block-jetpack-slideshow_caption gallery-caption\">Ketjussa kahlaamalla edestakaisin<\/figcaption><\/figure><\/li><li class=\"wp-block-jetpack-slideshow_slide swiper-slide\"><figure><img data-recalc-dims=\"1\" loading=\"lazy\" decoding=\"async\" width=\"353\" height=\"236\" alt=\"\" class=\"wp-block-jetpack-slideshow_image wp-image-48841\" data-id=\"48841\" src=\"https:\/\/i0.wp.com\/finnairinsukeltajat.fi\/wp-content\/uploads\/2020\/12\/rantaputsaus6.jpg?resize=353%2C236\" srcset=\"https:\/\/i0.wp.com\/finnairinsukeltajat.fi\/wp-content\/uploads\/2020\/12\/rantaputsaus6.jpg?w=353 353w, https:\/\/i0.wp.com\/finnairinsukeltajat.fi\/wp-content\/uploads\/2020\/12\/rantaputsaus6.jpg?resize=300%2C201 300w\" sizes=\"(max-width: 353px) 100vw, 353px\" \/><figcaption class=\"wp-block-jetpack-slideshow_caption gallery-caption\">Kaiken n\u00e4k\u00f6ist\u00e4 l\u00f6ytyy. Py\u00f6ri\u00e4, lastenvaunuja jne..<\/figcaption><\/figure><\/li><li class=\"wp-block-jetpack-slideshow_slide swiper-slide\"><figure><img data-recalc-dims=\"1\" loading=\"lazy\" decoding=\"async\" width=\"279\" height=\"190\" alt=\"\" class=\"wp-block-jetpack-slideshow_image wp-image-48839\" data-id=\"48839\" src=\"https:\/\/i0.wp.com\/finnairinsukeltajat.fi\/wp-content\/uploads\/2020\/12\/rantaputsaus4.jpg?resize=279%2C190\"\/><figcaption class=\"wp-block-jetpack-slideshow_caption gallery-caption\">Seurasaaren nakurannalla<\/figcaption><\/figure><\/li><li class=\"wp-block-jetpack-slideshow_slide swiper-slide\"><figure><img data-recalc-dims=\"1\" loading=\"lazy\" decoding=\"async\" width=\"262\" height=\"221\" alt=\"\" class=\"wp-block-jetpack-slideshow_image wp-image-48838\" data-id=\"48838\" src=\"https:\/\/i0.wp.com\/finnairinsukeltajat.fi\/wp-content\/uploads\/2020\/12\/rantaputsaus3.jpg?resize=262%2C221\"\/><figcaption class=\"wp-block-jetpack-slideshow_caption gallery-caption\">V\u00e4lill\u00e4 pidettiin ruokatauko<\/figcaption><\/figure><\/li><\/ul><a class=\"wp-block-jetpack-slideshow_button-prev swiper-button-prev swiper-button-white\" role=\"button\"><\/a><a class=\"wp-block-jetpack-slideshow_button-next swiper-button-next swiper-button-white\" role=\"button\"><\/a><a aria-label=\"Pause Slideshow\" class=\"wp-block-jetpack-slideshow_button-pause\" role=\"button\"><\/a><div class=\"wp-block-jetpack-slideshow_pagination swiper-pagination swiper-pagination-white\"><\/div><\/div><\/div>\n","protected":false},"excerpt":{"rendered":"<p>Sunnuntaina 23.5. saimme viimeisetkin rannat puhdistettua. Kyll\u00e4 kaikenn\u00e4k\u00f6ist\u00e4 kamaa l\u00f6ytyikin! Vapaaehtoiset saivat teht\u00e4v\u00e4kseen melkoisen urakan. Puheenjohtajan johdolla (kaikilla rannoilla) viidess\u00e4 p\u00e4iv\u00e4ss\u00e4 kilometreitt\u00e4in kahlaamista ja sukeltamista. Saimme my\u00f6s apua Merisukeltajista kun Ville oli kokoajan mukana. V\u00e4lill\u00e4 saimme nauttia tauoilla Jaanan kahveista ja grillasimmepa kerran makkaraakin. Kiitos kuuluu Pomalle, Villelle(MS), Jaanalle, Jarille, [&hellip;]<\/p>\n","protected":false},"author":1,"featured_media":48840,"comment_status":"closed","ping_status":"closed","sticky":false,"template":"","format":"standard","meta":{"_jetpack_memberships_contains_paid_content":false,"footnotes":""},"categories":[22],"tags":[],"class_list":["post-48834","post","type-post","status-publish","format-standard","has-post-thumbnail","hentry","category-matkat"],"jetpack_featured_media_url":"https:\/\/i0.wp.com\/finnairinsukeltajat.fi\/wp-content\/uploads\/2020\/12\/rantaputsaus5.jpg?fit=353%2C236","jetpack_sharing_enabled":true,"_links":{"self":[{"href":"http:\/\/finnairinsukeltajat.fi\/index.php?rest_route=\/wp\/v2\/posts\/48834","targetHints":{"allow":["GET"]}}],"collection":[{"href":"http:\/\/finnairinsukeltajat.fi\/index.php?rest_route=\/wp\/v2\/posts"}],"about":[{"href":"http:\/\/finnairinsukeltajat.fi\/index.php?rest_route=\/wp\/v2\/types\/post"}],"author":[{"embeddable":true,"href":"http:\/\/finnairinsukeltajat.fi\/index.php?rest_route=\/wp\/v2\/users\/1"}],"replies":[{"embeddable":true,"href":"http:\/\/finnairinsukeltajat.fi\/index.php?rest_route=%2Fwp%2Fv2%2Fcomments&post=48834"}],"version-history":[{"count":2,"href":"http:\/\/finnairinsukeltajat.fi\/index.php?rest_route=\/wp\/v2\/posts\/48834\/revisions"}],"predecessor-version":[{"id":48843,"href":"http:\/\/finnairinsukeltajat.fi\/index.php?rest_route=\/wp\/v2\/posts\/48834\/revisions\/48843"}],"wp:featuredmedia":[{"embeddable":true,"href":"http:\/\/finnairinsukeltajat.fi\/index.php?rest_route=\/wp\/v2\/media\/48840"}],"wp:attachment":[{"href":"http:\/\/finnairinsukeltajat.fi\/index.php?rest_route=%2Fwp%2Fv2%2Fmedia&parent=48834"}],"wp:term":[{"taxonomy":"category","embeddable":true,"href":"http:\/\/finnairinsukeltajat.fi\/index.php?rest_route=%2Fwp%2Fv2%2Fcategories&post=48834"},{"taxonomy":"post_tag","embeddable":true,"href":"http:\/\/finnairinsukeltajat.fi\/index.php?rest_route=%2Fwp%2Fv2%2Ftags&post=48834"}],"curies":[{"name":"wp","href":"https:\/\/api.w.org\/{rel}","templated":true}]}}