{"id":48868,"date":"2006-02-28T17:23:00","date_gmt":"2006-02-28T15:23:00","guid":{"rendered":"http:\/\/finnairinsukeltajat.fi\/?p=48868"},"modified":"2020-12-29T17:42:31","modified_gmt":"2020-12-29T15:42:31","slug":"wasa-laiva-tukholma-2006","status":"publish","type":"post","link":"http:\/\/finnairinsukeltajat.fi\/?p=48868","title":{"rendered":"Vasa-laiva, Tukholma 2006"},"content":{"rendered":"\n<h5 class=\"wp-block-heading\">RETKI VASA-LAIVAN HISTORIAAN 2006<\/h5>\n\n\n\n<p>Talvilomamme teemana olivat laivat. Mik\u00e4 siis osuvampaa, kuin menn\u00e4 laivalla Tukholmaan katsomaan upeaa laivaa, merest\u00e4 nostettua Vasaa. Emme kumpikaan olleet k\u00e4yneet katsomassa sit\u00e4 ennen, joten jo oli aikakin, totesimme itsekin. Matkassa mukana Tuomas \u2013 siis Poma \u2013 ja allekirjoittanut. Olimme suunnitelleet k\u00e4yv\u00e4mme katsomassa Vasan ja menev\u00e4mme sen j\u00e4lkeen kaupungille shoppailemaan \u2013 vaan toisin k\u00e4vi.<\/p>\n\n\n\n<p>Vasa nimitt\u00e4in osoittautui niin mielenkiintoiseksi ja aikaa viev\u00e4ksi kokemukseksi, ett\u00e4 shoppailut j\u00e4iv\u00e4t kovin v\u00e4hiin. Varmasti monet ovat siell\u00e4 k\u00e4yneetkin ja tiet\u00e4v\u00e4t museon koostuvan kuudesta eri tasosta, jotka kiert\u00e4v\u00e4t Vasaa eri puolilla ja kertovat laivan historiasta: sen rakentamisesta, miehist\u00f6st\u00e4, neitsytmatkalleen l\u00e4hd\u00f6st\u00e4 ja melkein heti l\u00e4hd\u00f6n j\u00e4lkeen tapahtuneesta haaksirikosta. <\/p>\n\n\n\n<p>Meit\u00e4 sukeltajia kiinnostaa tietysti ennen kaikkea hylyn etsint\u00e4, sen l\u00f6yt\u00e4minen ja nostaminen \u2013 uskomattomia ja mielenkiintoisia tarinoita kaikki. Mukana on my\u00f6s aimo annos tarinaa 1600-luvun el\u00e4m\u00e4st\u00e4 yleisesti. Sanon siis nyt jo \u2013 jotta se ei j\u00e4\u00e4kiekon tuoksinnassa my\u00f6hemmin unohdu \u2013 ett\u00e4 jos et viel\u00e4 ole k\u00e4ynyt Vasa-laivaa katsomassa, mene nyt ihmeess\u00e4 ensi kerralla, kun k\u00e4yt Tukholmassa. Aikaa siell\u00e4 saa kulumaan, meill\u00e4kin meni kevyesti nelj\u00e4 tuntia. <\/p>\n\n\n\n<p>K\u00e4velimme aamulla Siljan satamasta Vasa-museolle. Oikein mukava happihyppely laivan p\u00f6lyjen ja ilmastoinnin j\u00e4lkeen. Museo vaikutti ulkoa p\u00e4in kovin hiljaiselta, mutta sis\u00e4\u00e4n p\u00e4\u00e4sty\u00e4mme totesimme siell\u00e4 olevan vilin\u00e4\u00e4: koululaisia eri kokoisia ja ik\u00e4isi\u00e4 ryhmi\u00e4. Museon ilma tuntui aluksi jopa v\u00e4h\u00e4n trooppiselta, nahkean l\u00e4mpim\u00e4lt\u00e4. Valaistus oli h\u00e4m\u00e4r\u00e4, kesti hetken silm\u00e4n tottua siihen. Ensivaikutelma laivasta oli molemmilla jotakuinkin samanlainen: Oho, onpas se iso. Vaikka laivan pituus ei ole kuin 69 metri\u00e4 ja korkeus k\u00f6list\u00e4 mastonhuippuun 52 metri\u00e4, n\u00e4ytt\u00e4\u00e4 sellainenkin kuivalle maalle ja viel\u00e4 rakennukseen sis\u00e4\u00e4n nostettuna isolta.<\/p>\n\n\n\n<p><em>&#8221;Vasa on Ruotsin kuninkaan Kustaa II Adolfin kruununlaiva, joka upposi vuonna 1628 aloitettuaan juuri neitsytmatkansa. Se nostettiin yl\u00f6s 24.4.1961, ja vuodesta 1990 asti alus on ollut yleis\u00f6n n\u00e4ht\u00e4vill\u00e4.&#8221;<\/em><\/p>\n\n\n\n<p>Aloitimme laivan kiert\u00e4misen pohjakerroksesta, tasolta 2 (hmm, Ruotsalaista logiikkaa?). Siell\u00e4 kerrottiin laivan rakentamisesta sek\u00e4 sen miehist\u00f6st\u00e4. Laiva vei menness\u00e4\u00e4n 50 miest\u00e4 ja muutaman naisenkin, luurankoja on l\u00f6ydetty 25. Kuvassa olevat henkil\u00f6t on \u201drekonstruktoitu\u201d k\u00e4ytt\u00e4m\u00e4ll\u00e4 tekniikkaa, jossa yhdistet\u00e4\u00e4n faktaa ja fiktiota, tietokoneen tekem\u00e4\u00e4 oletusta kasvoista perustuen p\u00e4\u00e4kallon muotoihin sek\u00e4 historiatietoa esim. siit\u00e4, mink\u00e4lainen hiusmuoti oli siihen aikaan (siis vuonna 1628). Vaatteita oli s\u00e4ilynyt v\u00e4h\u00e4n, olivathan ruumiit vedess\u00e4 333 vuotta, mutta yll\u00e4tt\u00e4v\u00e4n paljon kuitenkin. Kaiken kaikkiaan laivasta ja sen l\u00e4hist\u00f6lt\u00e4 l\u00f6ytyi yli 26 000 esinett\u00e4.<\/p>\n\n\n\n<p>V\u00e4lill\u00e4 k\u00e4vimme katsomassa filmin laivasta yleens\u00e4 ja hylyn nostamisesta. <em>Vasa l\u00e4hti neitsytmatkalleen 10. elokuuta 1628, mutta kun se oli ehtinyt matkata vasta vajaat 1 300 metri\u00e4, \u00e4killinen tuulenpuuska tarttui laivaa purjeisiin ja upotti koko sota-aluksen kello nelj\u00e4n ja viiden v\u00e4lill\u00e4 iltap\u00e4iv\u00e4ll\u00e4.<\/em> Vesi virtasi laivaan avointen tykinaukkojen l\u00e4pi. Hylyn l\u00f6ysi ruotsalainen merihistorijoitsija Anders Franzen vuonna 1956 ja nostoa valmisteltiin monen vuoden ajan. Hylky saatiin yl\u00f6s lopulta 24. huhtikuuta 1961. Ep\u00e4selv\u00e4ksi meille j\u00e4i, kuka koko riemun maksoi, sill\u00e4 kovin halpa keikka se ei voinut olla. Ty\u00f6 oli varmasti k\u00e4sitt\u00e4m\u00e4tt\u00f6m\u00e4n rankkaa ja hidasta, sill\u00e4 vuonna 1961 ei meriarkeologinen tekniikka ollut viel\u00e4 kovinkaan kehittynytt\u00e4 ja lis\u00e4ksi koko laiva oli jokaista pient\u00e4 koloa my\u00f6ten mustan saven peitossa.<\/p>\n\n\n\n<p><em>Vasan nostoon liittyy my\u00f6s yksi Suomen kaikkien aikojen onnistuineimpia teekkaripiloja, jossa laivan kannelle ennen nostoa laitettiin pieni Paavo Nurmen juoksijapatsas. Ruotsalaisten h\u00e4mm\u00e4stys oli valtaisa, kun l\u00f6ysiv\u00e4t kuuluisaa suomalaisjuoksijaa kuvaavan patsaan hylkytavaroiden seasta.<\/em><\/p>\n\n\n\n<p>Tasolla 3 on esill\u00e4 tarinaa vuoden 1628 Ruotsista. Sen osuuden kiersimme aika nopeasti ja siirryimme tasolle 4, jossa kerrottiin laivan l\u00f6yt\u00e4misest\u00e4 ja nostosta sek\u00e4 syist\u00e4, miksi laiva ylip\u00e4\u00e4t\u00e4ns\u00e4 kaatui.<\/p>\n\n\n\n<p><em>Vasa painoi noin 1 200 tonnia. Se oli varustettu 64 j\u00e4re\u00e4ll\u00e4 kanuunalla. Vasa oli suurin Ruotsin laivaston sotalaiva, ja suurimpia sotalaivoja koko Euroopassa.<\/em> Syy Vasan uppoamiseen oli sen liian ylh\u00e4\u00e4ll\u00e4 ollut painopiste. Laiva kellui liian ylh\u00e4\u00e4ll\u00e4 vedenpinnasta. Kuvassa n\u00e4kyy pohjimmaisena oleva kivist\u00e4 koostuva vastapaino, joka oli aivan liian pieni m\u00e4\u00e4r\u00e4lt\u00e4\u00e4n suhteessa ylemmill\u00e4 kansilla olevaan painoon, joka koostui mm. poikkeuksellisesta, kahdessa kerroksessa olevista tykkikansista.<\/p>\n\n\n\n<p><em>Ajan tavan mukaisesti laiva oli koristeltu lukuisin veistoksin. Siin\u00e4 oli esimerkiksi Raamatun, antiikin Kreikan ja Rooman sankareita, taruolentoja ja hallitsijoita esitt\u00e4vi\u00e4 patsaita ja kuvia. Niiden tarkoitus oli suojella laivaa tuholta, mutta ne lopulta olivat osasyy Vasan uppoamiseen niiden valtaisan painon vuoksi. Toinen ja suurempi syy oli piirrustusten muuttaminen rakennust\u00f6iden ollessa jo k\u00e4ynniss\u00e4. Kuninkaan k\u00e4skyst\u00e4 Vasaan rakennettiin toinen tykkikansi.<\/em><\/p>\n\n\n\n<p>Laivan on todellakin t\u00e4ytynyt olla uskomaton n\u00e4ky, mik\u00e4li v\u00e4rit, joita museossa on rekonstrukoitu, pit\u00e4v\u00e4t paikkansa. Tasoilla 5 ja 6 p\u00e4\u00e4see katsomaan todella l\u00e4helt\u00e4 laivan patsaita, pieni\u00e4 yksityiskohtia ja tarinoita, joita patsailla on kerrottu. Tasolta 6 n\u00e4kee my\u00f6s laivan keulaosassa olevan vessan, joka oli todellakin askeettinen (puusta tehty \u201dt\u00f6tter\u00f6\u201d kannen reunaosassa \u2013 olisi voinut olla aika pelottava paikka k\u00e4yd\u00e4 asioilla suurempien myrskyjen aikana.)<\/p>\n\n\n\n<p>T\u00e4n\u00e4\u00e4n Vasa on polyeteeniglykolilla kyll\u00e4stettyn\u00e4, vakaan ilmaston tilassa Djurg\u00e5rdenilla. Konservointi jatkuu edelleen.<\/p>\n\n\n\n<p>Vasaterveisin,<br><em>Nina<\/em><\/p>\n\n\n\n<p><em>( Kursiivilla merkatut suorat lainaukset: <a href=\"https:\/\/fi.wikipedia.org\/wiki\/Vasa_(laiva)\">Wikipedia<\/a><\/em> <em>)<\/em><\/p>\n\n\n\n<div class=\"wp-block-jetpack-slideshow aligncenter\" data-effect=\"slide\"><div class=\"wp-block-jetpack-slideshow_container swiper-container\"><ul class=\"wp-block-jetpack-slideshow_swiper-wrapper swiper-wrapper\"><li class=\"wp-block-jetpack-slideshow_slide swiper-slide\"><figure><img data-recalc-dims=\"1\" loading=\"lazy\" decoding=\"async\" width=\"321\" height=\"242\" alt=\"\" class=\"wp-block-jetpack-slideshow_image wp-image-48873\" data-id=\"48873\" src=\"https:\/\/i0.wp.com\/finnairinsukeltajat.fi\/wp-content\/uploads\/2020\/12\/image001.jpg?resize=321%2C242\" srcset=\"https:\/\/i0.wp.com\/finnairinsukeltajat.fi\/wp-content\/uploads\/2020\/12\/image001.jpg?w=321 321w, https:\/\/i0.wp.com\/finnairinsukeltajat.fi\/wp-content\/uploads\/2020\/12\/image001.jpg?resize=300%2C226 300w\" sizes=\"(max-width: 321px) 100vw, 321px\" \/><\/figure><\/li><li class=\"wp-block-jetpack-slideshow_slide swiper-slide\"><figure><img data-recalc-dims=\"1\" loading=\"lazy\" decoding=\"async\" width=\"242\" height=\"325\" alt=\"\" class=\"wp-block-jetpack-slideshow_image wp-image-48874\" data-id=\"48874\" src=\"https:\/\/i0.wp.com\/finnairinsukeltajat.fi\/wp-content\/uploads\/2020\/12\/image002.jpg?resize=242%2C325\" srcset=\"https:\/\/i0.wp.com\/finnairinsukeltajat.fi\/wp-content\/uploads\/2020\/12\/image002.jpg?w=242 242w, https:\/\/i0.wp.com\/finnairinsukeltajat.fi\/wp-content\/uploads\/2020\/12\/image002.jpg?resize=223%2C300 223w\" sizes=\"(max-width: 242px) 100vw, 242px\" \/><\/figure><\/li><li class=\"wp-block-jetpack-slideshow_slide swiper-slide\"><figure><img data-recalc-dims=\"1\" loading=\"lazy\" decoding=\"async\" width=\"242\" height=\"322\" alt=\"\" class=\"wp-block-jetpack-slideshow_image wp-image-48875\" data-id=\"48875\" src=\"https:\/\/i0.wp.com\/finnairinsukeltajat.fi\/wp-content\/uploads\/2020\/12\/image003.jpg?resize=242%2C322\" srcset=\"https:\/\/i0.wp.com\/finnairinsukeltajat.fi\/wp-content\/uploads\/2020\/12\/image003.jpg?w=242 242w, https:\/\/i0.wp.com\/finnairinsukeltajat.fi\/wp-content\/uploads\/2020\/12\/image003.jpg?resize=225%2C300 225w\" sizes=\"(max-width: 242px) 100vw, 242px\" \/><\/figure><\/li><li class=\"wp-block-jetpack-slideshow_slide swiper-slide\"><figure><img data-recalc-dims=\"1\" loading=\"lazy\" decoding=\"async\" width=\"217\" height=\"288\" alt=\"\" class=\"wp-block-jetpack-slideshow_image wp-image-48876\" data-id=\"48876\" src=\"https:\/\/i0.wp.com\/finnairinsukeltajat.fi\/wp-content\/uploads\/2020\/12\/image004.jpg?resize=217%2C288\"\/><\/figure><\/li><li class=\"wp-block-jetpack-slideshow_slide swiper-slide\"><figure><img data-recalc-dims=\"1\" loading=\"lazy\" decoding=\"async\" width=\"208\" height=\"276\" alt=\"\" class=\"wp-block-jetpack-slideshow_image wp-image-48877\" data-id=\"48877\" src=\"https:\/\/i0.wp.com\/finnairinsukeltajat.fi\/wp-content\/uploads\/2020\/12\/image005.jpg?resize=208%2C276\"\/><\/figure><\/li><li class=\"wp-block-jetpack-slideshow_slide swiper-slide\"><figure><img data-recalc-dims=\"1\" loading=\"lazy\" decoding=\"async\" width=\"206\" height=\"276\" alt=\"\" class=\"wp-block-jetpack-slideshow_image wp-image-48878\" data-id=\"48878\" src=\"https:\/\/i0.wp.com\/finnairinsukeltajat.fi\/wp-content\/uploads\/2020\/12\/image006.jpg?resize=206%2C276\"\/><\/figure><\/li><\/ul><a class=\"wp-block-jetpack-slideshow_button-prev swiper-button-prev swiper-button-white\" role=\"button\"><\/a><a class=\"wp-block-jetpack-slideshow_button-next swiper-button-next swiper-button-white\" role=\"button\"><\/a><a aria-label=\"Pause Slideshow\" class=\"wp-block-jetpack-slideshow_button-pause\" role=\"button\"><\/a><div class=\"wp-block-jetpack-slideshow_pagination swiper-pagination swiper-pagination-white\"><\/div><\/div><\/div>\n","protected":false},"excerpt":{"rendered":"<p>RETKI VASA-LAIVAN HISTORIAAN 2006 Talvilomamme teemana olivat laivat. Mik\u00e4 siis osuvampaa, kuin menn\u00e4 laivalla Tukholmaan katsomaan upeaa laivaa, merest\u00e4 nostettua Vasaa. Emme kumpikaan olleet k\u00e4yneet katsomassa sit\u00e4 ennen, joten jo oli aikakin, totesimme itsekin. Matkassa mukana Tuomas \u2013 siis Poma \u2013 ja allekirjoittanut. Olimme suunnitelleet k\u00e4yv\u00e4mme katsomassa Vasan ja menev\u00e4mme [&hellip;]<\/p>\n","protected":false},"author":1,"featured_media":48873,"comment_status":"closed","ping_status":"closed","sticky":false,"template":"","format":"standard","meta":{"_jetpack_memberships_contains_paid_content":false,"footnotes":""},"categories":[22],"tags":[],"class_list":["post-48868","post","type-post","status-publish","format-standard","has-post-thumbnail","hentry","category-matkat"],"jetpack_featured_media_url":"https:\/\/i0.wp.com\/finnairinsukeltajat.fi\/wp-content\/uploads\/2020\/12\/image001.jpg?fit=321%2C242","jetpack_sharing_enabled":true,"_links":{"self":[{"href":"http:\/\/finnairinsukeltajat.fi\/index.php?rest_route=\/wp\/v2\/posts\/48868","targetHints":{"allow":["GET"]}}],"collection":[{"href":"http:\/\/finnairinsukeltajat.fi\/index.php?rest_route=\/wp\/v2\/posts"}],"about":[{"href":"http:\/\/finnairinsukeltajat.fi\/index.php?rest_route=\/wp\/v2\/types\/post"}],"author":[{"embeddable":true,"href":"http:\/\/finnairinsukeltajat.fi\/index.php?rest_route=\/wp\/v2\/users\/1"}],"replies":[{"embeddable":true,"href":"http:\/\/finnairinsukeltajat.fi\/index.php?rest_route=%2Fwp%2Fv2%2Fcomments&post=48868"}],"version-history":[{"count":8,"href":"http:\/\/finnairinsukeltajat.fi\/index.php?rest_route=\/wp\/v2\/posts\/48868\/revisions"}],"predecessor-version":[{"id":48886,"href":"http:\/\/finnairinsukeltajat.fi\/index.php?rest_route=\/wp\/v2\/posts\/48868\/revisions\/48886"}],"wp:featuredmedia":[{"embeddable":true,"href":"http:\/\/finnairinsukeltajat.fi\/index.php?rest_route=\/wp\/v2\/media\/48873"}],"wp:attachment":[{"href":"http:\/\/finnairinsukeltajat.fi\/index.php?rest_route=%2Fwp%2Fv2%2Fmedia&parent=48868"}],"wp:term":[{"taxonomy":"category","embeddable":true,"href":"http:\/\/finnairinsukeltajat.fi\/index.php?rest_route=%2Fwp%2Fv2%2Fcategories&post=48868"},{"taxonomy":"post_tag","embeddable":true,"href":"http:\/\/finnairinsukeltajat.fi\/index.php?rest_route=%2Fwp%2Fv2%2Ftags&post=48868"}],"curies":[{"name":"wp","href":"https:\/\/api.w.org\/{rel}","templated":true}]}}