{"id":49205,"date":"2010-08-21T23:53:00","date_gmt":"2010-08-21T20:53:00","guid":{"rendered":"http:\/\/finnairinsukeltajat.fi\/?p=49205"},"modified":"2020-12-29T21:55:57","modified_gmt":"2020-12-29T19:55:57","slug":"alca-2010","status":"publish","type":"post","link":"http:\/\/finnairinsukeltajat.fi\/?p=49205","title":{"rendered":"Alca, 2010"},"content":{"rendered":"\n<h5 class=\"wp-block-heading\">P\u00e4iv\u00e4keikka Ilmarilla 21.8. 2010<\/h5>\n\n\n\n<p>Tarkoituksena oli l\u00e4hte\u00e4 Alcalle sukeltamaan. Jostain syyst\u00e4 t\u00e4m\u00e4 hylky ei kuulu monenkaan p\u00e4iv\u00e4kirjoihin. No ei kuulu kyll\u00e4 t\u00e4m\u00e4nk\u00e4\u00e4n reissun j\u00e4lkeen. Keli tietenkin oli niin ep\u00e4vakainen ja arvelluttava, ettemme menneet sinne. <\/p>\n\n\n\n<p>Varakohteeksi olimme ajatelleet Marttaa. Niinp\u00e4 suunnistimme sinne. Matkalla G\u00e4lv\u00f6n kohdalle &#8221;t\u00f6rm\u00e4simme&#8221; Touhoon. H\u00e4n oli menossa Porkkalaan m\u00f6kilt\u00e4\u00e4n ja aikoipa tulla takaisin m\u00f6killeen. Siis m\u00f6kki on Ruotsinpyht\u00e4\u00e4ll\u00e4. <\/p>\n\n\n\n<p>Saavuimme Martalle, kaiutimme ja poijutimme sen. Ei muuta ku veteen. Kolme paria ehti l\u00e4hte\u00e4, jotka kaikki kyll\u00e4 palasivat heti takaisin. Nyt tied\u00e4mme mit\u00e4 tarkoittaa maitomainen sakka. Alhaalla oli todella huono n\u00e4kyvyys. Mutta poiju oli kiinni kyll\u00e4 hylyss\u00e4. P\u00e4\u00e4timme ruokailla Martan p\u00e4\u00e4ll\u00e4. S\u00f6imme hyv\u00e4ll\u00e4 ruokahalulla Juhan ja kumppaneiden valmistamaa soppaa. Sitten j\u00e4timme Martta odottamaan seuraavaa vierailua.<\/p>\n\n\n\n<p>Suunnistimme sitten jo tutummalle Kultakaleerille. Keli nousi kokoajan. Saimme silti veneen luodon it\u00e4puolelle suojaan. Nyt kaikki p\u00e4\u00e4siv\u00e4t veteen. N\u00e4kyvyyden ollessa kohtuullinen pystyimme tutkailla t\u00e4t\u00e4 kuuluisaa hylky\u00e4. Kultaa ei kyll\u00e4 n\u00e4kynyt, mutta muuta roinaa kyll\u00e4. Kun kaikki olivat ylh\u00e4\u00e4ll\u00e4 laitoimme saunan p\u00e4\u00e4lle. K\u00e4vip\u00e4 muutama uimassakin n. 20C vedess\u00e4.<\/p>\n","protected":false},"excerpt":{"rendered":"<p>P\u00e4iv\u00e4keikka Ilmarilla 21.8. 2010 Tarkoituksena oli l\u00e4hte\u00e4 Alcalle sukeltamaan. Jostain syyst\u00e4 t\u00e4m\u00e4 hylky ei kuulu monenkaan p\u00e4iv\u00e4kirjoihin. No ei kuulu kyll\u00e4 t\u00e4m\u00e4nk\u00e4\u00e4n reissun j\u00e4lkeen. Keli tietenkin oli niin ep\u00e4vakainen ja arvelluttava, ettemme menneet sinne. Varakohteeksi olimme ajatelleet Marttaa. Niinp\u00e4 suunnistimme sinne. Matkalla G\u00e4lv\u00f6n kohdalle &#8221;t\u00f6rm\u00e4simme&#8221; Touhoon. H\u00e4n oli menossa Porkkalaan [&hellip;]<\/p>\n","protected":false},"author":1,"featured_media":0,"comment_status":"closed","ping_status":"closed","sticky":false,"template":"","format":"standard","meta":{"_jetpack_memberships_contains_paid_content":false,"footnotes":""},"categories":[22],"tags":[],"class_list":["post-49205","post","type-post","status-publish","format-standard","hentry","category-matkat"],"jetpack_featured_media_url":"","jetpack_sharing_enabled":true,"_links":{"self":[{"href":"http:\/\/finnairinsukeltajat.fi\/index.php?rest_route=\/wp\/v2\/posts\/49205","targetHints":{"allow":["GET"]}}],"collection":[{"href":"http:\/\/finnairinsukeltajat.fi\/index.php?rest_route=\/wp\/v2\/posts"}],"about":[{"href":"http:\/\/finnairinsukeltajat.fi\/index.php?rest_route=\/wp\/v2\/types\/post"}],"author":[{"embeddable":true,"href":"http:\/\/finnairinsukeltajat.fi\/index.php?rest_route=\/wp\/v2\/users\/1"}],"replies":[{"embeddable":true,"href":"http:\/\/finnairinsukeltajat.fi\/index.php?rest_route=%2Fwp%2Fv2%2Fcomments&post=49205"}],"version-history":[{"count":2,"href":"http:\/\/finnairinsukeltajat.fi\/index.php?rest_route=\/wp\/v2\/posts\/49205\/revisions"}],"predecessor-version":[{"id":49208,"href":"http:\/\/finnairinsukeltajat.fi\/index.php?rest_route=\/wp\/v2\/posts\/49205\/revisions\/49208"}],"wp:attachment":[{"href":"http:\/\/finnairinsukeltajat.fi\/index.php?rest_route=%2Fwp%2Fv2%2Fmedia&parent=49205"}],"wp:term":[{"taxonomy":"category","embeddable":true,"href":"http:\/\/finnairinsukeltajat.fi\/index.php?rest_route=%2Fwp%2Fv2%2Fcategories&post=49205"},{"taxonomy":"post_tag","embeddable":true,"href":"http:\/\/finnairinsukeltajat.fi\/index.php?rest_route=%2Fwp%2Fv2%2Ftags&post=49205"}],"curies":[{"name":"wp","href":"https:\/\/api.w.org\/{rel}","templated":true}]}}