{"id":50041,"date":"2025-02-25T09:33:16","date_gmt":"2025-02-25T07:33:16","guid":{"rendered":"http:\/\/finnairinsukeltajat.fi\/?p=50041"},"modified":"2025-02-25T09:34:03","modified_gmt":"2025-02-25T07:34:03","slug":"kevatvuosi-kokous-11-3-2025","status":"publish","type":"post","link":"http:\/\/finnairinsukeltajat.fi\/?p=50041","title":{"rendered":"Kev\u00e4tvuosi kokous 11.3.2025"},"content":{"rendered":"\n<p>Tervetuloa Finnairin Sukeltajat ry s\u00e4\u00e4nt\u00f6m\u00e4\u00e4r\u00e4iseen vuosikokoukseen.<\/p>\n\n\n\n<p>Aika:11.3.2025 klo 18:00<\/p>\n\n\n\n<p>Paikka: Finnair Flight Academy, Pyht\u00e4\u00e4nkorventie 11-13 Vantaa.<\/p>\n\n\n\n<p>Kev\u00e4inen vuosikokous katsoo taaksep\u00e4in toimintavuoteen 2024.<\/p>\n\n\n\n<p>Kokouksessa esitell\u00e4\u00e4n toimintakertomus ja tilinp\u00e4\u00e4t\u00f6s 2024,<\/p>\n\n\n\n<p>kuullaan toiminnantarkastajan lausunto vuodesta 2024.<\/p>\n\n\n\n<p>P\u00e4\u00e4tet\u00e4\u00e4n, saako hallitus vastuuvapauden vuoden 2024 toimistaan.<\/p>\n\n\n\n<p>Kokouksen kohdassa &#8221;muut asiat&#8221;, voi kokoukseen osallistuva seuran j\u00e4sen tuoda esille omia huoliaan, murheitaan ja ehdotuksiaan seuran toiminnasta ja sen kehitt\u00e4misest\u00e4.<\/p>\n\n\n\n<p>Osallistujille tarjolla kuumaa juotavaa ja suolaista &amp; makeaa paistopistetuotetta.<\/p>\n\n\n\n<p>Ole yst\u00e4v\u00e4llinen ja ilmoittaudu sihteerille viimeist\u00e4\u00e4n 11.3.2025 aamup\u00e4iv\u00e4ll\u00e4, niin sinullekin ostetaan purtavaa.<\/p>\n\n\n\n<p>Tarkempi tieto kokousluokasta selvi\u00e4\u00e4 vasta kokousp\u00e4iv\u00e4n\u00e4 puhelimella 041-5287897. Soittamalla hoituu my\u00f6s ulko-oven avaus.<\/p>\n\n\n\n<p>Tapaamisiin, Hallituksen puolesta Sihteeri M\u00e4kk\u00e4ri<\/p>\n","protected":false},"excerpt":{"rendered":"<p>Tervetuloa Finnairin Sukeltajat ry s\u00e4\u00e4nt\u00f6m\u00e4\u00e4r\u00e4iseen vuosikokoukseen. Aika:11.3.2025 klo 18:00 Paikka: Finnair Flight Academy, Pyht\u00e4\u00e4nkorventie 11-13 Vantaa. Kev\u00e4inen vuosikokous katsoo taaksep\u00e4in toimintavuoteen 2024. Kokouksessa esitell\u00e4\u00e4n toimintakertomus ja tilinp\u00e4\u00e4t\u00f6s 2024, kuullaan toiminnantarkastajan lausunto vuodesta 2024. P\u00e4\u00e4tet\u00e4\u00e4n, saako hallitus vastuuvapauden vuoden 2024 toimistaan. Kokouksen kohdassa &#8221;muut asiat&#8221;, voi kokoukseen osallistuva seuran j\u00e4sen tuoda [&hellip;]<\/p>\n","protected":false},"author":1,"featured_media":0,"comment_status":"closed","ping_status":"closed","sticky":false,"template":"","format":"standard","meta":{"_jetpack_memberships_contains_paid_content":false,"footnotes":""},"categories":[24],"tags":[],"class_list":["post-50041","post","type-post","status-publish","format-standard","hentry","category-tulossa"],"jetpack_featured_media_url":"","jetpack_sharing_enabled":true,"_links":{"self":[{"href":"http:\/\/finnairinsukeltajat.fi\/index.php?rest_route=\/wp\/v2\/posts\/50041","targetHints":{"allow":["GET"]}}],"collection":[{"href":"http:\/\/finnairinsukeltajat.fi\/index.php?rest_route=\/wp\/v2\/posts"}],"about":[{"href":"http:\/\/finnairinsukeltajat.fi\/index.php?rest_route=\/wp\/v2\/types\/post"}],"author":[{"embeddable":true,"href":"http:\/\/finnairinsukeltajat.fi\/index.php?rest_route=\/wp\/v2\/users\/1"}],"replies":[{"embeddable":true,"href":"http:\/\/finnairinsukeltajat.fi\/index.php?rest_route=%2Fwp%2Fv2%2Fcomments&post=50041"}],"version-history":[{"count":1,"href":"http:\/\/finnairinsukeltajat.fi\/index.php?rest_route=\/wp\/v2\/posts\/50041\/revisions"}],"predecessor-version":[{"id":50042,"href":"http:\/\/finnairinsukeltajat.fi\/index.php?rest_route=\/wp\/v2\/posts\/50041\/revisions\/50042"}],"wp:attachment":[{"href":"http:\/\/finnairinsukeltajat.fi\/index.php?rest_route=%2Fwp%2Fv2%2Fmedia&parent=50041"}],"wp:term":[{"taxonomy":"category","embeddable":true,"href":"http:\/\/finnairinsukeltajat.fi\/index.php?rest_route=%2Fwp%2Fv2%2Fcategories&post=50041"},{"taxonomy":"post_tag","embeddable":true,"href":"http:\/\/finnairinsukeltajat.fi\/index.php?rest_route=%2Fwp%2Fv2%2Ftags&post=50041"}],"curies":[{"name":"wp","href":"https:\/\/api.w.org\/{rel}","templated":true}]}}